{"id":46498,"date":"2014-11-26T13:07:14","date_gmt":"2014-11-26T16:07:14","guid":{"rendered":"http:\/\/aconteceunovale.com.br\/portal\/?p=46498"},"modified":"2014-11-26T13:08:23","modified_gmt":"2014-11-26T16:08:23","slug":"roda-de-capoeira-recebe-titulo-de-patrimonio-cultural-imaterial-da-humanidade","status":"publish","type":"post","link":"https:\/\/aconteceunovale.com.br\/portal\/?p=46498","title":{"rendered":"Roda de capoeira recebe t\u00edtulo de Patrim\u00f4nio Cultural Imaterial da Humanidade"},"content":{"rendered":"<p>Dan\u00e7a, luta, s\u00edmbolo de resist\u00eancia e uma das manifesta\u00e7\u00f5es culturais mais conhecidas no Brasil, a roda de capoeira recebeu hoje (26) o t\u00edtulo de Patrim\u00f4nio Cultural Imaterial da Humanidade da Organiza\u00e7\u00e3o das Na\u00e7\u00f5es Unidas para a Educa\u00e7\u00e3o, a Ci\u00eancia e a Cultura (Unesco).<\/p>\n<p>Ap\u00f3s vota\u00e7\u00e3o durante a 9\u00aa Sess\u00e3o do Comit\u00ea Intergovernamental para a Salvaguarda do Patrim\u00f4nio Imaterial, em Paris, a roda de capoeira ganhou oficialmente o t\u00edtulo.<\/p>\n<p>A presidenta do Instituto do Patrim\u00f4nio Hist\u00f3rico e Art\u00edstico Nacional (Iphan), Jurema Machado, presente na sess\u00e3o do comit\u00ea, explicou que as pol\u00edticas de patrim\u00f4nio imaterial n\u00e3o existem apenas para conferir t\u00edtulos, mas para que os governos assumam compromissos de preserva\u00e7\u00e3o de seus bens culturais, materiais e imateriais.<\/p>\n<p>\u201cO reconhecimento representa um tributo \u00e0 capoeira como manifesta\u00e7\u00e3o cultural importante que durante s\u00e9culos foi criminalizada, al\u00e9m de dar visibilidade internacional. Al\u00e9m disso, reconhece que o Brasil tem pol\u00edticas p\u00fablicas para cuidar do seu patrim\u00f4nio cultural\u201d, disse Jurema em entrevista.<\/p>\n<p><img decoding=\"async\" src=\"http:\/\/aconteceunovale.com.br\/portal\/wp-content\/uploads\/2014\/11\/roda_de_capoeira.jpg\" alt=\"\" \/><em>Roda de capoeira &#8211; Foto: Reprodu\u00e7\u00e3o\/Site Tatame Online<\/em><br \/>\n<\/br><\/p>\n<p>Segundo ela, um bem registrado como Patrim\u00f4nio Cultural Imaterial da Humanidade garante mais respaldo ao governo para apoiar, com recursos p\u00fablicos, iniciativas de preserva\u00e7\u00e3o do bem cultural, com o incentivo \u00e0 transmiss\u00e3o do conhecimento e a formas de organiza\u00e7\u00e3o dos capoeiristas. A roda de capoeira \u00e9 reconhecida como patrim\u00f4nio cultural pelo Iphan desde 2008.<\/p>\n<p>No dossi\u00ea de candidatura, o Iphan enumerou uma s\u00e9rie de a\u00e7\u00f5es para difundir a modalidade e prop\u00f5e medidas de salvaguarda or\u00e7adas em mais de R$ 2 milh\u00f5es, como a produ\u00e7\u00e3o de cat\u00e1logos e encontros. O documento destacou que o registro vai favorecer a consci\u00eancia sobre o legado da cultura africana no Brasil e o papel da capoeira no combate ao racismo e \u00e0 discrimina\u00e7\u00e3o. O dossi\u00ea lembra que a pr\u00e1tica chegou a ser considerada crime e foi proibida durante um per\u00edodo da hist\u00f3ria. Hoje, a capoeira \u00e9 praticada em muitos pa\u00edses.<\/p>\n<p>\u201cO reconhecimento da roda de capoeira pela Unesco \u00e9 uma conquista muito importante para a cultura brasileira. A capoeira tem ra\u00edzes africanas que devem ser cada vez mais valorizadas por n\u00f3s. Agora, \u00e9 um patrim\u00f4nio a ser mais conhecido e praticado em todo o mundo\u201d, destacou, em nota, a ministra interina da Cultura, Ana Cristina Wanzeler.<\/p>\n<p>Al\u00e9m da presidenta do Iphan, a diretora do Departamento de Patrim\u00f4nio Imaterial (DPI-Iphan), C\u00e9lia Corsino, diplomatas da Delega\u00e7\u00e3o do Brasil junto \u00e0 Unesco e capoeiristas brasileiros tamb\u00e9m acompanharam a vota\u00e7\u00e3o, entre eles os mestres Cobra Mansa, Pirta, Peter, Paul\u00e3o Kikongo, Sabi\u00e1 e Mestra Janja.<\/p>\n<p>Segundo o Minist\u00e9rio da Cultura, o Iphan deu apoio aos capoeiristas para fazer amplo invent\u00e1rio dos grandes grupos de capoeira e mestres no Brasil e ajudou-os a instalar comit\u00eas estaduais distribu\u00eddos pelo pa\u00eds. Neles, capoeiristas podem formular reivindica\u00e7\u00f5es e compromissos relacionados \u00e0 salvaguarda e \u00e0 promo\u00e7\u00e3o dessa manifesta\u00e7\u00e3o cultural.<\/p>\n<p>Com o t\u00edtulo, a pr\u00e1tica cultural afro-brasileira re\u00fane-se agora ao Samba de Roda do Rec\u00f4ncavo Baiano (BA), \u00e0 Arte Kusiwa- Pintura Corporal (AP), ao Frevo (PE) e ao C\u00edrio de Nazar\u00e9 (PA), tamb\u00e9m reconhecidos como Patrim\u00f4nio Cultural Imaterial da Humanidade.<\/p>\n<p><strong><em>(Ag\u00eancia Brasil)<\/em><\/strong><\/p>\n","protected":false},"excerpt":{"rendered":"<p>Dan\u00e7a, luta, s\u00edmbolo de resist\u00eancia e uma das manifesta\u00e7\u00f5es culturais mais conhecidas no Brasil, a roda de capoeira recebeu hoje (26) o t\u00edtulo de Patrim\u00f4nio Cultural Imaterial da Humanidade da Organiza\u00e7\u00e3o das Na\u00e7\u00f5es Unidas para a Educa\u00e7\u00e3o, a Ci\u00eancia e a Cultura (Unesco). Ap\u00f3s vota\u00e7\u00e3o durante a 9\u00aa Sess\u00e3o do Comit\u00ea Intergovernamental para a Salvaguarda [&hellip;]<\/p>\n","protected":false},"author":1,"featured_media":46499,"comment_status":"open","ping_status":"closed","sticky":false,"template":"","format":"standard","meta":{"amp_status":"","footnotes":""},"categories":[6],"tags":[24457,24455,24454,24456],"class_list":["post-46498","post","type-post","status-publish","format-standard","has-post-thumbnail","hentry","category-br","tag-patrimonio-cultural-imaterial-da-humanidade","tag-roda-de-capoeira","tag-roda-de-capoeira-recebe-titulo-de-patrimonio-cultural-imaterial-da-humanidade","tag-unesco"],"_links":{"self":[{"href":"https:\/\/aconteceunovale.com.br\/portal\/index.php?rest_route=\/wp\/v2\/posts\/46498","targetHints":{"allow":["GET"]}}],"collection":[{"href":"https:\/\/aconteceunovale.com.br\/portal\/index.php?rest_route=\/wp\/v2\/posts"}],"about":[{"href":"https:\/\/aconteceunovale.com.br\/portal\/index.php?rest_route=\/wp\/v2\/types\/post"}],"author":[{"embeddable":true,"href":"https:\/\/aconteceunovale.com.br\/portal\/index.php?rest_route=\/wp\/v2\/users\/1"}],"replies":[{"embeddable":true,"href":"https:\/\/aconteceunovale.com.br\/portal\/index.php?rest_route=%2Fwp%2Fv2%2Fcomments&post=46498"}],"version-history":[{"count":0,"href":"https:\/\/aconteceunovale.com.br\/portal\/index.php?rest_route=\/wp\/v2\/posts\/46498\/revisions"}],"wp:featuredmedia":[{"embeddable":true,"href":"https:\/\/aconteceunovale.com.br\/portal\/index.php?rest_route=\/wp\/v2\/media\/46499"}],"wp:attachment":[{"href":"https:\/\/aconteceunovale.com.br\/portal\/index.php?rest_route=%2Fwp%2Fv2%2Fmedia&parent=46498"}],"wp:term":[{"taxonomy":"category","embeddable":true,"href":"https:\/\/aconteceunovale.com.br\/portal\/index.php?rest_route=%2Fwp%2Fv2%2Fcategories&post=46498"},{"taxonomy":"post_tag","embeddable":true,"href":"https:\/\/aconteceunovale.com.br\/portal\/index.php?rest_route=%2Fwp%2Fv2%2Ftags&post=46498"}],"curies":[{"name":"wp","href":"https:\/\/api.w.org\/{rel}","templated":true}]}}