{"id":46483,"date":"2014-11-26T11:17:13","date_gmt":"2014-11-26T14:17:13","guid":{"rendered":"http:\/\/aconteceunovale.com.br\/portal\/?p=46483"},"modified":"2014-11-26T20:23:07","modified_gmt":"2014-11-26T23:23:07","slug":"casal-acusa-hospital-de-negligencia-apos-morte-de-bebe-antes-do-parto-em-turmalina","status":"publish","type":"post","link":"https:\/\/aconteceunovale.com.br\/portal\/?p=46483","title":{"rendered":"Casal acusa hospital de neglig\u00eancia ap\u00f3s morte de beb\u00ea antes do parto em Turmalina"},"content":{"rendered":"<h4><strong><em>Crian\u00e7a morreu antes do parto no Hospital S\u00e3o Vicente de Paula, em Turmalina. Minist\u00e9rio P\u00fablico acompanha o caso e aguarda envio do prontu\u00e1rio m\u00e9dico.<\/em><\/strong><\/h4>\n<p>Foram nove meses de ansiedade e muito trabalho para organizar o enxoval de Alice. O casal Maria de F\u00e1tima, de 33 anos, e Rom\u00e1rio Sena, de 26, contava os dias, horas e minutos para ter a pequena nos bra\u00e7os, mas infelizmente esse sonho foi interrompido antes mesmo dela vir ao mundo, no Hospital S\u00e3o Vicente de Paula, em Turmalina, no Vale do Jequitinhonha.<\/p>\n<p><img decoding=\"async\" src=\"http:\/\/aconteceunovale.com.br\/portal\/wp-content\/uploads\/2014\/11\/caso_morte_bebe_turmalina_4.jpg\" alt=\"\" \/><em>Filha do casal Maria de F\u00e1tima e Rom\u00e1rio Sena morreu antes do parto no Hospital S\u00e3o Vicente de Paula, em Turmalina &#8211; Foto: Reprodu\u00e7\u00e3o\/Arquivo Pessoal<\/em><br \/>\n<\/br><\/p>\n<p>O pai da crian\u00e7a, Rom\u00e1rio Sena Santana acusa a unidade de sa\u00fade de neglig\u00eancia. &#8220;Minha esposa, Maria de F\u00e1tima Vieira de Souza, estava gr\u00e1vida de 42 semanas e o limite foi completado na segunda-feira, 17 de novembro, quando ela foi internada para fazer o parto induzido ou ces\u00e1rea, \u00e0s 19h30. O m\u00e9dico S.L.L.M aplicou um medicamento tentando induzir o parto, mas n\u00e3o obteve sucesso. Por volta das 20 horas ele ouviu os batimentos card\u00edacos do beb\u00ea e estava tudo bem.&#8221;, relatou a nossa reportagem.<\/p>\n<p>O casal esperava que o m\u00e9dico fizesse a ces\u00e1rea. &#8220;N\u00f3s esper\u00e1vamos que o m\u00e9dico fizesse a ces\u00e1rea, mas ele disse n\u00e3o faria somente na ter\u00e7a-feira. Em seguida ele foi embora e deixou um outro m\u00e9dico, que n\u00e3o voltou no quarto. Somente por volta das quatro horas da manh\u00e3, quando uma outra mulher chegou no hospital para trabalho de parto, que uma enfermeira resolveu conferir os batimentos do cora\u00e7\u00e3ozinho da Alice, mas ela n\u00e3o conseguiu ouvir mais. A partir do momento que n\u00e3o ouviu mais os batimentos card\u00edacos, a enfermeira chamou o m\u00e9dico, que se desesperou e chamou o m\u00e9dico S.L.L.M, que chegou o cora\u00e7\u00e3o do beb\u00ea e confirmou que o cora\u00e7\u00e3o tinha parado de bater.&#8221;<\/p>\n<p>De acordo com Rom\u00e1rio, um outro m\u00e9dico, W.C.P, foi chamado para fazer a ces\u00e1rea. Quando este fez o procedimento o beb\u00ea j\u00e1 estava sem vida. Rom\u00e1rio disse a nossa reportagem que s\u00f3 foi avisado do acontecido \u00e0s 7 horas da manh\u00e3, quando o m\u00e9dico W.C.P lhe informou que a crian\u00e7a faleceu e que n\u00e3o sabia a causa. Rom\u00e1rio disse que insistiu e perguntou se o cord\u00e3o umbilical estava enrolado no pesco\u00e7o da crian\u00e7a. Nesse momento o m\u00e9dico teria apenas retirado o pano que cobria a crian\u00e7a, virou as costas e foi embora, conta o pai da crian\u00e7a.<\/p>\n<p>&#8220;Fiquei muito indignado com o ocorrido, pois nas \u00faltimas 42 semanas eu trabalhei at\u00e9 14 horas por dia para comprar as coisas para minha filhinha, a cada dia sonhava com ela no colo, montava o seu quartinho. Queria dar a ela um futuro muito bom, tudo aquilo que n\u00e3o tive, e de repente em quest\u00e3o de horas, por causa em minha opini\u00e3o de um erro m\u00e9dico, o meu sonho acabou. \u00c9 muito triste!&#8221;, lamenta o pai.<\/p>\n<h4>Den\u00fancia protocolada<\/h4>\n<p>Com muita tristeza e desesperado com a perda da filha, Rom\u00e1rio procurou o Minist\u00e9rio P\u00fablico e fez uma den\u00fancia de neglig\u00eancia m\u00e9dica. O promotor Leonardo Diniz Faria confirmou que a den\u00fancia foi protocolada, mas o caso ainda est\u00e1 em \u201cdilig\u00eancias preliminares\u201d. \u201cInicialmente, solicitamos junto ao Hospital, o prontu\u00e1rio de atendimento m\u00e9dico. Depois de termos acesso ao prontu\u00e1rio, vamos averiguar quais frentes de investiga\u00e7\u00f5es ser\u00e3o seguidas\u201d, explica.<\/p>\n<p>Ainda de acordo com o promotor, ap\u00f3s ser notificado, o hospital ter\u00e1 o prazo m\u00e1ximo de 10 dias para responder \u00e0 solicita\u00e7\u00e3o. \u201cAlguns hospitais n\u00e3o repassam o prontu\u00e1rio com base no sigilo profissional, mas acredito que o Minist\u00e9rio P\u00fablico deveria ter acesso, para desenvolver o trabalho\u201d, diz.<\/p>\n<h4>O que diz o hospital?<\/h4>\n<p>Somente na tarde desta quarta-feira (26), ap\u00f3s o Portal Aconteceu no Vale tornar o caso p\u00fablico e v\u00e1rios canais de TV e outros sites do estado procurarem os pais da crian\u00e7a, a dire\u00e7\u00e3o do Hospital S\u00e3o Vicente de Paula se pronunciou. De acordo com o provedor do hospital, Anderson Cordeiro dos Santos, uma investiga\u00e7\u00e3o interna foi aberta para identificar as causas desta fatalidade. &#8220;Somente ap\u00f3s conversarmos com os envolvidos no atendimento poderemos pronunciar de forma concreta sobre o acontecido. Algumas pessoas j\u00e1 foram ouvidas, mas vamos esperar para n\u00e3o sermos injustos com ningu\u00e9m.&#8221;, disse por telefone a Inter TV Grande Minas.<\/p>\n<p>Vale lembrar, que no dia 19 de novembro, enviamos uma solicita\u00e7\u00e3o de nota de esclarecimento em car\u00e1ter de urg\u00eancia, com pedido de rastreamento de leitura. Na tarde do dia 20 de novembro, o e-mail foi lido, conforme relat\u00f3rio abaixo, por\u00e9m nenhuma resposta sobre o caso foi enviada ao Portal Aconteceu no Vale at\u00e9 a manh\u00e3 de hoje.<\/p>\n<p><img decoding=\"async\" src=\"http:\/\/aconteceunovale.com.br\/portal\/wp-content\/uploads\/2014\/11\/caso_morte_bebe_turmalina_3.jpg\" alt=\"\" \/><em>Relat\u00f3rio confirmando que o e-mail foi lido &#8211; Foto: Reprodu\u00e7\u00e3o<\/em><\/p>\n","protected":false},"excerpt":{"rendered":"<p>Crian\u00e7a morreu antes do parto no Hospital S\u00e3o Vicente de Paula, em Turmalina. Minist\u00e9rio P\u00fablico acompanha o caso e aguarda envio do prontu\u00e1rio m\u00e9dico. Foram nove meses de ansiedade e muito trabalho para organizar o enxoval de Alice. O casal Maria de F\u00e1tima, de 33 anos, e Rom\u00e1rio Sena, de 26, contava os dias, horas [&hellip;]<\/p>\n","protected":false},"author":1,"featured_media":46490,"comment_status":"open","ping_status":"closed","sticky":false,"template":"","format":"standard","meta":{"amp_status":"","footnotes":""},"categories":[120],"tags":[24475,24443,1018,24447,24449,24446,24474,24445,24444,24448,178,24450],"class_list":["post-46483","post","type-post","status-publish","format-standard","has-post-thumbnail","hentry","category-jequi","tag-anderson-cordeiro-dos-santos","tag-casal-acusa-hospital-de-negligencia-apos-morte-de-bebe-antes-do-parto-em-turmalina","tag-destaque","tag-dr-silano-lucius-lopes-martins","tag-dr-wilson-carlos-pereira","tag-hospital-sao-vicente-de-paulo-em-turmalina","tag-leonardo-diniz-faria","tag-morte-antes-do-parto-no-hospital-de-turmalina","tag-morte-de-bebe-no-hospital-de-turmalina","tag-silano-lucius-lopes-martins","tag-turmalina","tag-wilson-carlos-pereira"],"_links":{"self":[{"href":"https:\/\/aconteceunovale.com.br\/portal\/index.php?rest_route=\/wp\/v2\/posts\/46483","targetHints":{"allow":["GET"]}}],"collection":[{"href":"https:\/\/aconteceunovale.com.br\/portal\/index.php?rest_route=\/wp\/v2\/posts"}],"about":[{"href":"https:\/\/aconteceunovale.com.br\/portal\/index.php?rest_route=\/wp\/v2\/types\/post"}],"author":[{"embeddable":true,"href":"https:\/\/aconteceunovale.com.br\/portal\/index.php?rest_route=\/wp\/v2\/users\/1"}],"replies":[{"embeddable":true,"href":"https:\/\/aconteceunovale.com.br\/portal\/index.php?rest_route=%2Fwp%2Fv2%2Fcomments&post=46483"}],"version-history":[{"count":0,"href":"https:\/\/aconteceunovale.com.br\/portal\/index.php?rest_route=\/wp\/v2\/posts\/46483\/revisions"}],"wp:featuredmedia":[{"embeddable":true,"href":"https:\/\/aconteceunovale.com.br\/portal\/index.php?rest_route=\/wp\/v2\/media\/46490"}],"wp:attachment":[{"href":"https:\/\/aconteceunovale.com.br\/portal\/index.php?rest_route=%2Fwp%2Fv2%2Fmedia&parent=46483"}],"wp:term":[{"taxonomy":"category","embeddable":true,"href":"https:\/\/aconteceunovale.com.br\/portal\/index.php?rest_route=%2Fwp%2Fv2%2Fcategories&post=46483"},{"taxonomy":"post_tag","embeddable":true,"href":"https:\/\/aconteceunovale.com.br\/portal\/index.php?rest_route=%2Fwp%2Fv2%2Ftags&post=46483"}],"curies":[{"name":"wp","href":"https:\/\/api.w.org\/{rel}","templated":true}]}}