{"id":46471,"date":"2014-11-26T10:10:54","date_gmt":"2014-11-26T13:10:54","guid":{"rendered":"http:\/\/aconteceunovale.com.br\/portal\/?p=46471"},"modified":"2014-11-26T10:13:17","modified_gmt":"2014-11-26T13:13:17","slug":"cavalos-mortos-as-margens-de-rodovia-incomodam-moradores-de-diamantina","status":"publish","type":"post","link":"https:\/\/aconteceunovale.com.br\/portal\/?p=46471","title":{"rendered":"Cavalos mortos \u00e0s margens de rodovia incomodam moradores de Diamantina"},"content":{"rendered":"<h4><strong><em>Animais est\u00e3o expostos \u00e0s margens da BR-367 desde o dia 19 de novembro. Moradores cobram solu\u00e7\u00e3o para o problema.<\/em><\/strong><\/h4>\n<p>Dois cavalos, possivelmente abatidos \u00e0 bala, incomodam moradores de Diamantina, no Vale do Jequitinhonha, desde o dia 19 de novembro. Os dois animais est\u00e3o \u00e0s margens da BR-367, a cerca de 10 quil\u00f4metros da cidade, que \u00e9 classificada como Patrim\u00f4nio da Humanidade pela UNESCO.<\/p>\n<p>Pelas redes sociais, diamantinenses compartilham as imagens e repudiam a falta de a\u00e7\u00e3o das autoridades locais quanto a n\u00e3o retirada dos animais, que est\u00e3o em avan\u00e7ado estado de putrefa\u00e7\u00e3o.<\/p>\n<p>Segundo um motorista que passa pelo local diariamente, \u00e9 comum encontrar animais pastando no trecho. \u201c\u00c9 preciso ficar atento nesse trecho para n\u00e3o se envolver em acidentes, existem muitos animais que pastam \u00e0s margens da estrada. Uma pena que desta vez parece que algu\u00e9m tentou de forma covarde solucionar o problema, matando os animais a tiros.\u201d, comenta.<\/p>\n<p><img decoding=\"async\" src=\"http:\/\/aconteceunovale.com.br\/portal\/wp-content\/uploads\/2014\/11\/cavalos_mortos_dtna_1.jpg\" alt=\"\" \/><img decoding=\"async\" src=\"http:\/\/aconteceunovale.com.br\/portal\/wp-content\/uploads\/2014\/11\/cavalos_mortos_dtna_2.jpg\" alt=\"\" \/><img decoding=\"async\" src=\"http:\/\/aconteceunovale.com.br\/portal\/wp-content\/uploads\/2014\/11\/cavalos_mortos_dtna_3.jpg\" alt=\"\" \/><img decoding=\"async\" src=\"http:\/\/aconteceunovale.com.br\/portal\/wp-content\/uploads\/2014\/11\/cavalos_mortos_dtna_4.jpg\" alt=\"\" \/><strong><em>(A primeira imagem foi registrada ontem (25) e as demais s\u00e3o do dia 20 de novembro &#8211; Fotos: P\u00e1gina &#8220;Diamantina Quae Sera Tamen&#8221; \/ enviadas por um leitor do Aconteceu no Vale)<\/em><\/strong><\/p>\n","protected":false},"excerpt":{"rendered":"<p>Animais est\u00e3o expostos \u00e0s margens da BR-367 desde o dia 19 de novembro. Moradores cobram solu\u00e7\u00e3o para o problema. Dois cavalos, possivelmente abatidos \u00e0 bala, incomodam moradores de Diamantina, no Vale do Jequitinhonha, desde o dia 19 de novembro. Os dois animais est\u00e3o \u00e0s margens da BR-367, a cerca de 10 quil\u00f4metros da cidade, que [&hellip;]<\/p>\n","protected":false},"author":1,"featured_media":46472,"comment_status":"open","ping_status":"closed","sticky":false,"template":"","format":"standard","meta":{"amp_status":"","footnotes":""},"categories":[120],"tags":[24442,198],"class_list":["post-46471","post","type-post","status-publish","format-standard","has-post-thumbnail","hentry","category-jequi","tag-cavalos-mortos-as-margens-de-rodovia-incomodam-moradores-de-diamantina","tag-diamantina"],"_links":{"self":[{"href":"https:\/\/aconteceunovale.com.br\/portal\/index.php?rest_route=\/wp\/v2\/posts\/46471","targetHints":{"allow":["GET"]}}],"collection":[{"href":"https:\/\/aconteceunovale.com.br\/portal\/index.php?rest_route=\/wp\/v2\/posts"}],"about":[{"href":"https:\/\/aconteceunovale.com.br\/portal\/index.php?rest_route=\/wp\/v2\/types\/post"}],"author":[{"embeddable":true,"href":"https:\/\/aconteceunovale.com.br\/portal\/index.php?rest_route=\/wp\/v2\/users\/1"}],"replies":[{"embeddable":true,"href":"https:\/\/aconteceunovale.com.br\/portal\/index.php?rest_route=%2Fwp%2Fv2%2Fcomments&post=46471"}],"version-history":[{"count":0,"href":"https:\/\/aconteceunovale.com.br\/portal\/index.php?rest_route=\/wp\/v2\/posts\/46471\/revisions"}],"wp:featuredmedia":[{"embeddable":true,"href":"https:\/\/aconteceunovale.com.br\/portal\/index.php?rest_route=\/wp\/v2\/media\/46472"}],"wp:attachment":[{"href":"https:\/\/aconteceunovale.com.br\/portal\/index.php?rest_route=%2Fwp%2Fv2%2Fmedia&parent=46471"}],"wp:term":[{"taxonomy":"category","embeddable":true,"href":"https:\/\/aconteceunovale.com.br\/portal\/index.php?rest_route=%2Fwp%2Fv2%2Fcategories&post=46471"},{"taxonomy":"post_tag","embeddable":true,"href":"https:\/\/aconteceunovale.com.br\/portal\/index.php?rest_route=%2Fwp%2Fv2%2Ftags&post=46471"}],"curies":[{"name":"wp","href":"https:\/\/api.w.org\/{rel}","templated":true}]}}