{"id":46453,"date":"2014-11-26T09:17:49","date_gmt":"2014-11-26T12:17:49","guid":{"rendered":"http:\/\/aconteceunovale.com.br\/portal\/?p=46453"},"modified":"2014-11-26T09:17:49","modified_gmt":"2014-11-26T12:17:49","slug":"plantao-do-samu-no-norte-de-minas-gerais-25-de-novembro-de-2014","status":"publish","type":"post","link":"https:\/\/aconteceunovale.com.br\/portal\/?p=46453","title":{"rendered":"Plant\u00e3o do Samu no Norte de Minas Gerais &#8211; 25 de novembro de 2014"},"content":{"rendered":"<h4><strong><em>Ter\u00e7a-feira, 25 de novembro de 2014<\/em><\/strong><\/h4>\n<p>A unidade do SAMU de Montes Claros realizou nesta ter\u00e7a-feira, 25\/11, 43 atendimentos, sendo 32 casos cl\u00ednicos e 10 acidentes na \u00e1rea urbana e uma colis\u00e3o entre ve\u00edculos na MG-135.<\/p>\n<p>Entre os acidentes na \u00e1rea urbana de Montes Claros, cinco envolveram bicicleta e outros cinco, motocicleta. Em todas as ocorr\u00eancias os feridos receberam os primeiros atendimentos no local e foram encaminhados ao hospital para avalia\u00e7\u00e3o.<\/p>\n<p>A colis\u00e3o entre dois ve\u00edculos ocorreu na BR-135 por volta das 14 horas, a 30 km de Bras\u00edlia de Minas, e tr\u00eas homens ficaram feridos, com traumatismo craniano e fraturas expostas. Eles receberam os primeiros atendimentos no local e foram encaminhados para o hospital municipal de Bras\u00edlia de minas.<\/p>\n<p><img decoding=\"async\" src=\"http:\/\/aconteceunovale.com.br\/portal\/wp-content\/uploads\/2014\/11\/acidente_bmg2.jpg\" alt=\"\" \/><em>Acidente pr\u00f3ximo a Bras\u00edlia de Minas deixou tr\u00eas feridos &#8211; Foto: Divulga\u00e7\u00e3o<\/em><\/p>\n","protected":false},"excerpt":{"rendered":"<p>Ter\u00e7a-feira, 25 de novembro de 2014 A unidade do SAMU de Montes Claros realizou nesta ter\u00e7a-feira, 25\/11, 43 atendimentos, sendo 32 casos cl\u00ednicos e 10 acidentes na \u00e1rea urbana e uma colis\u00e3o entre ve\u00edculos na MG-135. Entre os acidentes na \u00e1rea urbana de Montes Claros, cinco envolveram bicicleta e outros cinco, motocicleta. Em todas as [&hellip;]<\/p>\n","protected":false},"author":1,"featured_media":46383,"comment_status":"open","ping_status":"closed","sticky":false,"template":"","format":"standard","meta":{"amp_status":"","footnotes":""},"categories":[1236],"tags":[24413,24414,22467,195,1699,210,18898,24415,13731,18629,21139,4040],"class_list":["post-46453","post","type-post","status-publish","format-standard","has-post-thumbnail","hentry","category-norte_de_minas","tag-acidente-perto-de-brasilia-de-minas","tag-acidente-proximo-a-brasilia-de-minas","tag-atendimentos-do-samu-macro-norte","tag-brasilia-de-minas","tag-mirabela","tag-montes-claros","tag-plantao-do-samu-macro-norte","tag-plantao-do-samu-no-norte-de-minas-gerais-25-de-novembro-de-2014","tag-samu","tag-samu-de-montes-claros","tag-samu-do-norte-de-minas","tag-samu-macro-norte"],"_links":{"self":[{"href":"https:\/\/aconteceunovale.com.br\/portal\/index.php?rest_route=\/wp\/v2\/posts\/46453","targetHints":{"allow":["GET"]}}],"collection":[{"href":"https:\/\/aconteceunovale.com.br\/portal\/index.php?rest_route=\/wp\/v2\/posts"}],"about":[{"href":"https:\/\/aconteceunovale.com.br\/portal\/index.php?rest_route=\/wp\/v2\/types\/post"}],"author":[{"embeddable":true,"href":"https:\/\/aconteceunovale.com.br\/portal\/index.php?rest_route=\/wp\/v2\/users\/1"}],"replies":[{"embeddable":true,"href":"https:\/\/aconteceunovale.com.br\/portal\/index.php?rest_route=%2Fwp%2Fv2%2Fcomments&post=46453"}],"version-history":[{"count":0,"href":"https:\/\/aconteceunovale.com.br\/portal\/index.php?rest_route=\/wp\/v2\/posts\/46453\/revisions"}],"wp:featuredmedia":[{"embeddable":true,"href":"https:\/\/aconteceunovale.com.br\/portal\/index.php?rest_route=\/wp\/v2\/media\/46383"}],"wp:attachment":[{"href":"https:\/\/aconteceunovale.com.br\/portal\/index.php?rest_route=%2Fwp%2Fv2%2Fmedia&parent=46453"}],"wp:term":[{"taxonomy":"category","embeddable":true,"href":"https:\/\/aconteceunovale.com.br\/portal\/index.php?rest_route=%2Fwp%2Fv2%2Fcategories&post=46453"},{"taxonomy":"post_tag","embeddable":true,"href":"https:\/\/aconteceunovale.com.br\/portal\/index.php?rest_route=%2Fwp%2Fv2%2Ftags&post=46453"}],"curies":[{"name":"wp","href":"https:\/\/api.w.org\/{rel}","templated":true}]}}