{"id":46445,"date":"2014-11-25T21:11:59","date_gmt":"2014-11-26T00:11:59","guid":{"rendered":"http:\/\/aconteceunovale.com.br\/portal\/?p=46445"},"modified":"2014-11-26T10:21:33","modified_gmt":"2014-11-26T13:21:33","slug":"menino-de-nove-anos-morre-afogado-em-rio-de-itambacuri","status":"publish","type":"post","link":"https:\/\/aconteceunovale.com.br\/portal\/?p=46445","title":{"rendered":"Menino de nove anos morre afogado em rio de Itambacuri"},"content":{"rendered":"<h4><strong><em>Crian\u00e7a foi arrastada pela correnteza. Corpo foi retirado da \u00e1gua por familiares.<\/em><\/strong><\/h4>\n<p>Um menino de nove anos morreu afogado na tarde desta ter\u00e7a-feira, 25 de novembro, no rio Jacutinga, na zona rural de Itambacuri, no Leste de Minas Gerais. Os bombeiros foram acionados, mas quando chegaram ao local, os moradores j\u00e1 haviam retirado o corpo.<\/p>\n<p>De acordo com o Corpo de Bombeiros, a crian\u00e7a teria entrado no c\u00f3rrego para ajudar uma menina, que estava se afogando, quando foi arrastado pela correnteza.<\/p>\n<p>Ainda segundo os militares, as chuvas dos \u00faltimos dias deram mais volume de \u00e1gua, e isso aumenta o risco de acidentes. O corpo do garoto foi encaminhado para o Instituto M\u00e9dico Legal de Te\u00f3filo Otoni<\/p>\n<p><img decoding=\"async\" src=\"http:\/\/aconteceunovale.com.br\/portal\/wp-content\/uploads\/2014\/11\/crianca_itambacuri_1.jpg\" alt=\"\" \/><em>Crian\u00e7a morreu afogada no rio Jacutinga &#8211; Foto: Reprodu\u00e7\u00e3o\/Aquivo da fam\u00edlia<\/em><br \/>\n<\/br><\/p>\n<p><img decoding=\"async\" src=\"http:\/\/aconteceunovale.com.br\/portal\/wp-content\/uploads\/2014\/11\/crianca_itambacuri_2.jpg\" alt=\"\" \/><em>Crian\u00e7a morreu afogada no rio Jacutinga &#8211; Foto: Cristiano Dias\/Inter TV<\/em><\/p>\n","protected":false},"excerpt":{"rendered":"<p>Crian\u00e7a foi arrastada pela correnteza. Corpo foi retirado da \u00e1gua por familiares. Um menino de nove anos morreu afogado na tarde desta ter\u00e7a-feira, 25 de novembro, no rio Jacutinga, na zona rural de Itambacuri, no Leste de Minas Gerais. Os bombeiros foram acionados, mas quando chegaram ao local, os moradores j\u00e1 haviam retirado o corpo. [&hellip;]<\/p>\n","protected":false},"author":1,"featured_media":46481,"comment_status":"open","ping_status":"closed","sticky":false,"template":"","format":"standard","meta":{"amp_status":"","footnotes":""},"categories":[121],"tags":[24409,188,24408],"class_list":["post-46445","post","type-post","status-publish","format-standard","has-post-thumbnail","hentry","category-leste","tag-hugo-nunes-pereira","tag-itambacuri","tag-menino-de-nove-anos-morre-afogado-em-rio-de-itambacuri"],"_links":{"self":[{"href":"https:\/\/aconteceunovale.com.br\/portal\/index.php?rest_route=\/wp\/v2\/posts\/46445","targetHints":{"allow":["GET"]}}],"collection":[{"href":"https:\/\/aconteceunovale.com.br\/portal\/index.php?rest_route=\/wp\/v2\/posts"}],"about":[{"href":"https:\/\/aconteceunovale.com.br\/portal\/index.php?rest_route=\/wp\/v2\/types\/post"}],"author":[{"embeddable":true,"href":"https:\/\/aconteceunovale.com.br\/portal\/index.php?rest_route=\/wp\/v2\/users\/1"}],"replies":[{"embeddable":true,"href":"https:\/\/aconteceunovale.com.br\/portal\/index.php?rest_route=%2Fwp%2Fv2%2Fcomments&post=46445"}],"version-history":[{"count":0,"href":"https:\/\/aconteceunovale.com.br\/portal\/index.php?rest_route=\/wp\/v2\/posts\/46445\/revisions"}],"wp:featuredmedia":[{"embeddable":true,"href":"https:\/\/aconteceunovale.com.br\/portal\/index.php?rest_route=\/wp\/v2\/media\/46481"}],"wp:attachment":[{"href":"https:\/\/aconteceunovale.com.br\/portal\/index.php?rest_route=%2Fwp%2Fv2%2Fmedia&parent=46445"}],"wp:term":[{"taxonomy":"category","embeddable":true,"href":"https:\/\/aconteceunovale.com.br\/portal\/index.php?rest_route=%2Fwp%2Fv2%2Fcategories&post=46445"},{"taxonomy":"post_tag","embeddable":true,"href":"https:\/\/aconteceunovale.com.br\/portal\/index.php?rest_route=%2Fwp%2Fv2%2Ftags&post=46445"}],"curies":[{"name":"wp","href":"https:\/\/api.w.org\/{rel}","templated":true}]}}