{"id":46438,"date":"2014-11-25T20:41:13","date_gmt":"2014-11-25T23:41:13","guid":{"rendered":"http:\/\/aconteceunovale.com.br\/portal\/?p=46438"},"modified":"2014-11-25T20:41:13","modified_gmt":"2014-11-25T23:41:13","slug":"dores-do-indaia-sera-o-novo-polo-de-producao-de-macauba-para-bioquerosene-de-aviacao","status":"publish","type":"post","link":"https:\/\/aconteceunovale.com.br\/portal\/?p=46438","title":{"rendered":"Dores do Indai\u00e1 ser\u00e1 o novo polo de produ\u00e7\u00e3o de maca\u00faba para bioquerosene de avia\u00e7\u00e3o"},"content":{"rendered":"<h4><strong><em>Lan\u00e7amento de cadeia extrativista vai ofertar insumos e est\u00edmulos para incentivar a agricultura familiar e empresarial no segmento<\/em><\/strong><\/h4>\n<p>A regi\u00e3o de Dores do Indai\u00e1, na regi\u00e3o centro-oeste do Estado, se prepara para se transformar no novo polo de produ\u00e7\u00e3o de maca\u00faba, voltada para a fabrica\u00e7\u00e3o de bioquerosene para avia\u00e7\u00e3o (BioQAv). Esta semana, a Plataforma Mineira de Bioquerosene lan\u00e7ou a Cadeia Extrativista da Maca\u00faba, uma das principais mat\u00e9rias primas para a produ\u00e7\u00e3o do biocombust\u00edvel.<\/p>\n<p><img decoding=\"async\" src=\"http:\/\/aconteceunovale.com.br\/portal\/wp-content\/uploads\/2014\/11\/dores_do_idaia_macauba.jpg\" alt=\"\" \/><em>A regi\u00e3o de Dores do Indai\u00e1 ir\u00e1 formar um novo polo produtivo &#8211; Foto: Paloma Martins\/SEDE<\/em><br \/>\n<\/br><\/p>\n<p>A Plataforma Mineira de Bioquerosene coordena a implanta\u00e7\u00e3o da cadeia produtiva do combust\u00edvel para avia\u00e7\u00e3o no Estado. O grupo \u00e9 composto pela Secretaria de Estado de Desenvolvimento Econ\u00f4mico (SEDE),  importantes empresas de avia\u00e7\u00e3o civil, como a Boeing, a Embraer, a Gol Linhas A\u00e9reas e a GE do Brasil, e a International Air Transport Association (IATA), al\u00e9m de ag\u00eancias de pesquisa e fomento, como o Banco Interamericano de Desenvolvimento (BID), o Instituto Interamericano de Coopera\u00e7\u00e3o Agr\u00edcola (IICA) e a Universidade Federal de Minas Gerais (UFMG).<\/p>\n<p>A implanta\u00e7\u00e3o da cadeia de valor do BioQAv em Minas Gerais \u00e9 uma oportunidade  para gerar desenvolvimento em diversas regi\u00f5es do Estado, ao integrar a integrando agricultura familiar e empresarial em um mercado crescente e com padr\u00f5es de qualidade e sustentabilidade global.<\/p>\n<p>Este foi mais um passo para consolidar o primeiro elo da cadeia produtiva de bioquerosene, por meio do est\u00edmulo \u00e0 oferta de insumos para a produ\u00e7\u00e3o de biomassa em Minas. A partir do novo Arranjo Produtivo Local (APL) da Cadeia Extrativista da Maca\u00faba, agricultores e extrativistas da regi\u00e3o ter\u00e3o um amplo planejamento para o manejo das \u00e1reas nativas, plantio e recupera\u00e7\u00e3o das \u00e1reas ambientais.<\/p>\n<h4>Produ\u00e7\u00e3o em grande escala<\/h4>\n<p>A regi\u00e3o de Dores do Indai\u00e1 conta com uma \u00e1rea nativa com cerca de 200 mil hectares de palmeira de maca\u00faba. A extens\u00e3o seria capaz de gerar cerca de 2 milh\u00f5es e meio de toneladas de \u00f3leo utilizados para a fabrica\u00e7\u00e3o do biocombust\u00edvel.<\/p>\n<p>Para o subsecret\u00e1rio de Investimentos Estrat\u00e9gicos da Secretaria de Desenvolvimento Econ\u00f4mico (SEDE), Luiz Ant\u00f4nio Athayde, o desenvolvimento da cadeia produtiva do Bioquerosene para avia\u00e7\u00e3o \u00e9 promissora. \u201cTemos que avan\u00e7ar r\u00e1pido para dominar a tecnologia e ganhar escala na produ\u00e7\u00e3o de energia renov\u00e1vel. A rota da maca\u00faba, visando \u00e0 produ\u00e7\u00e3o do querosene verde \u00e9 muito promissora. O Estado tem que fazer parte desta nova cadeia de valor que vai se formando no mundo, que implica em \u2018plantar\u2019 combust\u00edvel renov\u00e1vel\u201d, destaca.<\/p>\n<p>A Plataforma Mineira de Bioquerosene pretende, ainda, ampliar a utiliza\u00e7\u00e3o da tecnologia da informa\u00e7\u00e3o na cadeia extrativista. Para isso est\u00e3o previstos voos de drones para identificar, mapear e georreferenciar os maci\u00e7os de maca\u00faba. O principal objetivo foi preparar um plano de a\u00e7\u00e3o para a colheita de 2015\/2016.<\/p>\n<p>\u201cEsse \u00e9 um passo concreto para o desenvolvimento da cadeia de produ\u00e7\u00e3o da biomassa utilizando a maca\u00faba como mat\u00e9ria prima. Esse projeto poder\u00e1 se transformar em um novo vetor de desenvolvimento para a regi\u00e3o\u201d, afirma o presidente da Curcas Diesel Brazil, Mike Lu, uma das empresas que comp\u00f5em o Cons\u00f3rcio MacaubaBR.<\/p>\n<p>Os frutos colhidos na regi\u00e3o ser\u00e3o adquiridos pelo Cons\u00f3rcio Maca\u00fabaBR, formado por quatro empresas (Acrotech, Sole\u00e1, Dibio e Curcas) e processados para a obten\u00e7\u00e3o de \u00f3leo bruto. A meta inicial \u00e9 a compra de 1 mil toneladas de frutos nessa safra, volume que pode ser ampliado nos pr\u00f3ximos anos.<\/p>\n<p>A consolida\u00e7\u00e3o do APL da maca\u00faba \u00e9 decorrente do protocolo de inten\u00e7\u00f5es firmado, em junho deste ano, entre o Governo de Minas e o Cons\u00f3rcio Maca\u00faba BR, e acontece em parceria com os Minist\u00e9rios do Desenvolvimento Agr\u00e1rio (MDA), da Agricultura, Pecu\u00e1ria e Desenvolvimento (MAPA), a Universidade Federal de Vi\u00e7osa (UFV), EPAMIG, Embrapa Agroenergia, Embrapa Cerrados, SEBRAE e Sindicatos rurais, voltado para o desenvolvimento de uma nova metodologia de colheita.<\/p>\n<h4>Sustentabilidade e desenvolvimento regional<\/h4>\n<p>O avan\u00e7o das mudan\u00e7as clim\u00e1ticas e a preocupa\u00e7\u00e3o com o meio ambiente foram os principais motivos para que o Governo de Minas procurasse desenvolver a cadeia produtiva de Bioquerosene de Avia\u00e7\u00e3o no Estado, desde a produ\u00e7\u00e3o da mat\u00e9ria-prima, passando pela pesquisa, refino, certifica\u00e7\u00e3o e a utiliza\u00e7\u00e3o do combust\u00edvel pelas empresas a\u00e9reas que operam no Aeroporto Internacional Tancredo Neves (AITN\/BH AIRPORT).<\/p>\n<p>O principal objetivo do projeto \u00e9 promover o desenvolvimento regional, a partir da produ\u00e7\u00e3o de biocombust\u00edveis ambientalmente sustent\u00e1veis. O setor da avia\u00e7\u00e3o civil j\u00e1 possui metas ambiciosas para atingir um crescimento neutro em carbono at\u00e9 2020 e reduzir em 50% as emiss\u00f5es de di\u00f3xido de carbono (dos n\u00edveis de 2005) at\u00e9 2050, baseado em melhorias tecnol\u00f3gicas e principalmente no uso do BioQAv.<\/p>\n<p>Al\u00e9m disso, o potencial \u00e9 de que Minas Gerais ocupe uma posi\u00e7\u00e3o de destaque nesse segmento por ser grande produtor da agroind\u00fastria, possuindo amplo espectro de caracter\u00edsticas geogr\u00e1ficas e clim\u00e1ticas para desenvolvimento de biomassa a partir de mat\u00e9rias-primas como cana-de-a\u00e7\u00facar, floresta de produ\u00e7\u00e3o, pinh\u00e3o manso, maca\u00faba, camelina e sebo bovino, entre outras.<\/p>\n<p><strong><em>(Ag\u00eancia Minas)<\/em><\/strong><\/p>\n","protected":false},"excerpt":{"rendered":"<p>Lan\u00e7amento de cadeia extrativista vai ofertar insumos e est\u00edmulos para incentivar a agricultura familiar e empresarial no segmento A regi\u00e3o de Dores do Indai\u00e1, na regi\u00e3o centro-oeste do Estado, se prepara para se transformar no novo polo de produ\u00e7\u00e3o de maca\u00faba, voltada para a fabrica\u00e7\u00e3o de bioquerosene para avia\u00e7\u00e3o (BioQAv). Esta semana, a Plataforma Mineira [&hellip;]<\/p>\n","protected":false},"author":1,"featured_media":46439,"comment_status":"open","ping_status":"closed","sticky":false,"template":"","format":"standard","meta":{"amp_status":"","footnotes":""},"categories":[123],"tags":[24400,13947,24398,9839,24399],"class_list":["post-46438","post","type-post","status-publish","format-standard","has-post-thumbnail","hentry","category-gerais","tag-bioquerosene-de-aviacao","tag-dores-do-indaia","tag-dores-do-indaia-sera-o-novo-polo-de-producao-de-macauba-para-bioquerosene-de-aviacao","tag-macauba","tag-producao-de-macauba"],"_links":{"self":[{"href":"https:\/\/aconteceunovale.com.br\/portal\/index.php?rest_route=\/wp\/v2\/posts\/46438","targetHints":{"allow":["GET"]}}],"collection":[{"href":"https:\/\/aconteceunovale.com.br\/portal\/index.php?rest_route=\/wp\/v2\/posts"}],"about":[{"href":"https:\/\/aconteceunovale.com.br\/portal\/index.php?rest_route=\/wp\/v2\/types\/post"}],"author":[{"embeddable":true,"href":"https:\/\/aconteceunovale.com.br\/portal\/index.php?rest_route=\/wp\/v2\/users\/1"}],"replies":[{"embeddable":true,"href":"https:\/\/aconteceunovale.com.br\/portal\/index.php?rest_route=%2Fwp%2Fv2%2Fcomments&post=46438"}],"version-history":[{"count":0,"href":"https:\/\/aconteceunovale.com.br\/portal\/index.php?rest_route=\/wp\/v2\/posts\/46438\/revisions"}],"wp:featuredmedia":[{"embeddable":true,"href":"https:\/\/aconteceunovale.com.br\/portal\/index.php?rest_route=\/wp\/v2\/media\/46439"}],"wp:attachment":[{"href":"https:\/\/aconteceunovale.com.br\/portal\/index.php?rest_route=%2Fwp%2Fv2%2Fmedia&parent=46438"}],"wp:term":[{"taxonomy":"category","embeddable":true,"href":"https:\/\/aconteceunovale.com.br\/portal\/index.php?rest_route=%2Fwp%2Fv2%2Fcategories&post=46438"},{"taxonomy":"post_tag","embeddable":true,"href":"https:\/\/aconteceunovale.com.br\/portal\/index.php?rest_route=%2Fwp%2Fv2%2Ftags&post=46438"}],"curies":[{"name":"wp","href":"https:\/\/api.w.org\/{rel}","templated":true}]}}