{"id":46431,"date":"2014-11-25T20:05:59","date_gmt":"2014-11-25T23:05:59","guid":{"rendered":"http:\/\/aconteceunovale.com.br\/portal\/?p=46431"},"modified":"2014-11-25T20:05:59","modified_gmt":"2014-11-25T23:05:59","slug":"minas-gerais-publica-editais-para-preenchimento-de-mais-de-17-mil-vagas-na-area-da-educacao","status":"publish","type":"post","link":"https:\/\/aconteceunovale.com.br\/portal\/?p=46431","title":{"rendered":"Minas Gerais publica editais para preenchimento de mais de 17 mil vagas na \u00e1rea da Educa\u00e7\u00e3o"},"content":{"rendered":"<h4><strong><em>Oportunidades s\u00e3o para preenchimento nas \u00e1reas do Conservat\u00f3rio de M\u00fasica, Educa\u00e7\u00e3o Especial, Ensino Religioso e para atua\u00e7\u00e3o no ensino regular<\/em><\/strong><\/h4>\n<p>Foram publicados, nesta ter\u00e7a-feira (25\/11), no\u00a0<a href=\"http:\/\/jornal.iof.mg.gov.br\/xmlui\/handle\/123456789\/134516\" target=\"_blank\">Di\u00e1rio Oficial dos Poderes do Estado<\/a>, extratos de quatro editais de concurso para preenchimento de vagas para as carreiras da Secretaria de Estado de Educa\u00e7\u00e3o (SEE). S\u00e3o mais de 17 mil oportunidades para os interessados em ingressarem no servi\u00e7o p\u00fablico mineiro. Os editais completos podem ser conferidos na p\u00e1gina do\u00a0<a href=\"http:\/\/www.ibfc.org.br\/?AspxAutoDetectCookieSupport=1\" target=\"_blank\">Instituto Brasileiro de Forma\u00e7\u00e3o e Capacita\u00e7\u00e3o (IBFC)<\/a>, respons\u00e1vel pela realiza\u00e7\u00e3o dos concursos p\u00fablicos, da\u00a0<a href=\"http:\/\/www.planejamento.mg.gov.br\/\" target=\"_blank\">Secretaria de Estado de Planejamento e Gest\u00e3o (Seplag)<\/a>\u00a0e da\u00a0<a href=\"http:\/\/www.educacao.mg.gov.br\/cidadao\/competicoes-e-concursos\/profissionais-de-educacao\" target=\"_blank\">Secretaria de Estado de Educa\u00e7\u00e3o<\/a>.<\/p>\n<p>De acordo com os editais, os concursos p\u00fablicos de provas e t\u00edtulos para provimento de cargos da carreira da educa\u00e7\u00e3o compreendem oportunidades para diferentes atua\u00e7\u00f5es. Para o cargo de Professor de Educa\u00e7\u00e3o B\u00e1sica, com atua\u00e7\u00e3o nos Conservat\u00f3rios Estaduais de M\u00fasica de Minas Gerais, as oportunidades s\u00e3o, por exemplo, para Reg\u00eancia\/M\u00fasica, Artes Pl\u00e1sticas, Instrumento\/Guitarra, entre outros, conforme prev\u00ea o<a href=\"http:\/\/www.educacao.mg.gov.br\/images\/documentos\/Edital_Conservat%C3%B3rio%20de%20M%C3%BAsica_24.11%20_Final_18%20horas.pdf\" target=\"_blank\">edital Seplag\/SEE 02\/2014.<\/a><\/p>\n<p>O edital\u00a0<a href=\"http:\/\/www.educacao.mg.gov.br\/images\/documentos\/Edital_Ensino%20Especial_24.11_Final_18%20horas.pdf\" target=\"_blank\">Seplag\/SEE 05\/2014<\/a>\u00a0traz oportunidades para preenchimento de vagas para atua\u00e7\u00e3o em escolas especiais e Atendimento Educacional Especializado em escolas regulares. Os cargos, neste caso, para os quais os interessados podem concorrer s\u00e3o os das carreiras de Especialista em Educa\u00e7\u00e3o B\u00e1sica (Orienta\u00e7\u00e3o Educacional), Especialista em Educa\u00e7\u00e3o B\u00e1sica (Supervis\u00e3o Pedag\u00f3gica), Professor de Educa\u00e7\u00e3o B\u00e1sica com atua\u00e7\u00e3o nos anos iniciais do Ensino Fundamental, Professor de Educa\u00e7\u00e3o B\u00e1sica para atua\u00e7\u00e3o em conte\u00fados espec\u00edficos dos anos finais do Ensino Fundamental e Ensino M\u00e9dio, Professor de Educa\u00e7\u00e3o B\u00e1sica Int\u00e9rprete de Libras e para atua\u00e7\u00e3o nas salas de recurso.<\/p>\n<p>J\u00e1 as informa\u00e7\u00f5es sobre as vagas do concurso para os cargos, na educa\u00e7\u00e3o b\u00e1sica, de Assistente T\u00e9cnico de Educa\u00e7\u00e3o B\u00e1sica (auxiliar de secretaria); Especialista em Educa\u00e7\u00e3o B\u00e1sica (supervis\u00e3o pedag\u00f3gica), Especialista em Educa\u00e7\u00e3o B\u00e1sica (orienta\u00e7\u00e3o educacional), Professor de Educa\u00e7\u00e3o B\u00e1sica com atua\u00e7\u00e3o nos anos iniciais do Ensino Fundamental e Professor de Educa\u00e7\u00e3o B\u00e1sica para atua\u00e7\u00e3o em conte\u00fados espec\u00edficos dos anos finais do Ensino Fundamental e Ensino M\u00e9dio podem ser conferidas no\u00a0<a href=\"http:\/\/www.educacao.mg.gov.br\/images\/documentos\/Edital_Ensino%20Regular_24.11_Final_18%20horas.pdf\" target=\"_blank\">edital Seplag\/SEE 04\/2014.<\/a>\u00a0Este edital destina-se a preencher vagas em munic\u00edpios onde n\u00e3o tem candidato aprovado em concurso p\u00fablico anterior (edital 01\/2011).<\/p>\n<p>Para o cargo de Professor de Educa\u00e7\u00e3o B\u00e1sica &#8211; Ensino Religioso, o\u00a0<a href=\"http:\/\/www.educacao.mg.gov.br\/images\/documentos\/Edital_Ensino%20Religioso_24.11_Final_18%20horas.pdf\" target=\"_blank\">edital Seplag\/SEE 03\/2014<\/a>\u00a0prev\u00ea 1.648 oportunidades.<\/p>\n<p>A remunera\u00e7\u00e3o para os cargos de Assistente T\u00e9cnico de Educa\u00e7\u00e3o B\u00e1sica (ATB) \u00e9 de R$1.005,46 para a carga hor\u00e1ria semanal de 30 horas. Para os cargos de Especialista em Educa\u00e7\u00e3o B\u00e1sica (EEB) \u00e9 de R$1.455,30, com carga hor\u00e1ria semanal de 24 horas. Para os cargos de Professor de Educa\u00e7\u00e3o B\u00e1sica (PEB) a remunera\u00e7\u00e3o inicial ser\u00e1 de R$1.455,30 para uma jornada de 24 horas semanais.<\/p>\n<p>As inscri\u00e7\u00f5es podem ser feitas a partir do dia 10 de dezembro e v\u00e3o at\u00e9 o dia 11\/01\/2015, pelo site do IBFC. O valor de inscri\u00e7\u00e3o ser\u00e1 de R$30,00 para a vaga de Assistente T\u00e9cnico de Educa\u00e7\u00e3o B\u00e1sica, R$40,00 para Professor de Educa\u00e7\u00e3o B\u00e1sica e R$45,00 para Especialista em Educa\u00e7\u00e3o B\u00e1sica.<\/p>\n<p>Os textos de cada um dos editais e demais informa\u00e7\u00f5es encontram-se dispon\u00edveis nos sites\u00a0<a href=\"http:\/\/www.ibfc.org.br\/?AspxAutoDetectCookieSupport=1\" target=\"_blank\">www.ibfc.org.br<\/a>,\u00a0<a href=\"http:\/\/www.planejamento.mg.gov.br\/\" target=\"_blank\">www.planejamento.mg.gov.br<\/a>\u00a0e<a href=\"http:\/\/www.educacao.mg.gov.br\/cidadao\/competicoes-e-concursos\/profissionais-de-educacao\" target=\"_blank\">\u00a0www.educacao.mg.gov.br<\/a>.<\/p>\n","protected":false},"excerpt":{"rendered":"<p>Oportunidades s\u00e3o para preenchimento nas \u00e1reas do Conservat\u00f3rio de M\u00fasica, Educa\u00e7\u00e3o Especial, Ensino Religioso e para atua\u00e7\u00e3o no ensino regular Foram publicados, nesta ter\u00e7a-feira (25\/11), no\u00a0Di\u00e1rio Oficial dos Poderes do Estado, extratos de quatro editais de concurso para preenchimento de vagas para as carreiras da Secretaria de Estado de Educa\u00e7\u00e3o (SEE). S\u00e3o mais de 17 [&hellip;]<\/p>\n","protected":false},"author":1,"featured_media":13951,"comment_status":"open","ping_status":"closed","sticky":false,"template":"","format":"standard","meta":{"amp_status":"","footnotes":""},"categories":[123],"tags":[700,24394,24393],"class_list":["post-46431","post","type-post","status-publish","format-standard","has-post-thumbnail","hentry","category-gerais","tag-concurso-publico","tag-concurso-publico-na-area-da-educacao-em-minas-gerais","tag-minas-gerais-publica-editais-para-preenchimento-de-mais-de-17-mil-vagas-na-area-da-educacao"],"_links":{"self":[{"href":"https:\/\/aconteceunovale.com.br\/portal\/index.php?rest_route=\/wp\/v2\/posts\/46431","targetHints":{"allow":["GET"]}}],"collection":[{"href":"https:\/\/aconteceunovale.com.br\/portal\/index.php?rest_route=\/wp\/v2\/posts"}],"about":[{"href":"https:\/\/aconteceunovale.com.br\/portal\/index.php?rest_route=\/wp\/v2\/types\/post"}],"author":[{"embeddable":true,"href":"https:\/\/aconteceunovale.com.br\/portal\/index.php?rest_route=\/wp\/v2\/users\/1"}],"replies":[{"embeddable":true,"href":"https:\/\/aconteceunovale.com.br\/portal\/index.php?rest_route=%2Fwp%2Fv2%2Fcomments&post=46431"}],"version-history":[{"count":0,"href":"https:\/\/aconteceunovale.com.br\/portal\/index.php?rest_route=\/wp\/v2\/posts\/46431\/revisions"}],"wp:featuredmedia":[{"embeddable":true,"href":"https:\/\/aconteceunovale.com.br\/portal\/index.php?rest_route=\/wp\/v2\/media\/13951"}],"wp:attachment":[{"href":"https:\/\/aconteceunovale.com.br\/portal\/index.php?rest_route=%2Fwp%2Fv2%2Fmedia&parent=46431"}],"wp:term":[{"taxonomy":"category","embeddable":true,"href":"https:\/\/aconteceunovale.com.br\/portal\/index.php?rest_route=%2Fwp%2Fv2%2Fcategories&post=46431"},{"taxonomy":"post_tag","embeddable":true,"href":"https:\/\/aconteceunovale.com.br\/portal\/index.php?rest_route=%2Fwp%2Fv2%2Ftags&post=46431"}],"curies":[{"name":"wp","href":"https:\/\/api.w.org\/{rel}","templated":true}]}}