{"id":46426,"date":"2014-11-25T19:57:05","date_gmt":"2014-11-25T22:57:05","guid":{"rendered":"http:\/\/aconteceunovale.com.br\/portal\/?p=46426"},"modified":"2014-11-25T19:57:05","modified_gmt":"2014-11-25T22:57:05","slug":"motorista-dorme-ao-volante-e-bate-na-traseira-de-onibus-no-leste-de-minas","status":"publish","type":"post","link":"https:\/\/aconteceunovale.com.br\/portal\/?p=46426","title":{"rendered":"Motorista dorme ao volante e bate na traseira de \u00f4nibus no Leste de Minas"},"content":{"rendered":"<h4><strong><em>V\u00edtima foi socorrida e encaminhada para o PAM de Caratinga. \u00d4nibus seguia para Brumado, na Bahia.<\/em><\/strong><\/h4>\n<p>Um homem de 42 anos ficou ferido na madrugada desta ter\u00e7a-feira, 25 de novembro, ap\u00f3s colidir o ve\u00edculo que conduzia na traseira de um \u00f4nibus na altura do quil\u00f4metro 538 da BR-116, no munic\u00edpio de Santa Rita de Minas, no Vale do Rio Doce.<\/p>\n<p><img decoding=\"async\" src=\"http:\/\/aconteceunovale.com.br\/portal\/wp-content\/uploads\/2014\/11\/acidente_carro_bus_116_1.jpg\" alt=\"\" \/><em>Ve\u00edculo ficou com a frente destru\u00edda &#8211; Foto: Super Canal<\/em><br \/>\n<\/br><\/p>\n<p>De acordo com a Pol\u00edcia Rodovi\u00e1ria Federal, a v\u00edtima, que havia sa\u00eddo de Mutum com destino a Caratinga, teria dormido ao volante. <\/p>\n<p>Renato Alves da Silveira foi socorrido por uma equipe do Corpo de Bombeiros de Santa B\u00e1rbara do Leste e encaminhado para atendimento m\u00e9dico no Pronto Atendimento Municipal de Caratinga. <\/p>\n<p>Segundo o comandante do Corpo de Bombeiros, Fernando Martins, o condutor sofreu um trauma de t\u00f3rax e uma suspeita de fratura no nariz.<\/p>\n<p>O \u00f4nibus da Via\u00e7\u00e3o Novo Horizonte, que estava com sete passageiros, fazia a linha de S\u00e3o Paulo a Brumado, na Bahia, via Rio de Janeiro, quando foi atingido.<\/p>\n<p><img decoding=\"async\" src=\"http:\/\/aconteceunovale.com.br\/portal\/wp-content\/uploads\/2014\/11\/acidente_carro_bus_116_2.jpg\" alt=\"\" \/><em>Motorista teria dormido ao volante, segundo a PRF &#8211; Foto: Super Canal<\/em><br \/>\n<\/br><\/p>\n<p><img decoding=\"async\" src=\"http:\/\/aconteceunovale.com.br\/portal\/wp-content\/uploads\/2014\/11\/acidente_carro_bus_116_3.jpg\" alt=\"\" \/><em>Ve\u00edculo bateu na traseira do \u00f4nibus &#8211; Foto: Super Canal<\/em><br \/>\n<\/br><\/p>\n<p><strong><em>(Super Canal de Caratinga)<\/em><\/strong><\/p>\n","protected":false},"excerpt":{"rendered":"<p>V\u00edtima foi socorrida e encaminhada para o PAM de Caratinga. \u00d4nibus seguia para Brumado, na Bahia. Um homem de 42 anos ficou ferido na madrugada desta ter\u00e7a-feira, 25 de novembro, ap\u00f3s colidir o ve\u00edculo que conduzia na traseira de um \u00f4nibus na altura do quil\u00f4metro 538 da BR-116, no munic\u00edpio de Santa Rita de Minas, [&hellip;]<\/p>\n","protected":false},"author":1,"featured_media":46427,"comment_status":"open","ping_status":"closed","sticky":false,"template":"","format":"standard","meta":{"amp_status":"","footnotes":""},"categories":[121],"tags":[24392,237,24389,24390,1717,24391,311,313],"class_list":["post-46426","post","type-post","status-publish","format-standard","has-post-thumbnail","hentry","category-leste","tag-brumado","tag-caratinga","tag-motorista-dorme-ao-volante-e-bate-na-traseira-de-onibus-na-br-116","tag-motorista-dorme-ao-volante-e-bate-na-traseira-de-onibus-no-leste-de-minas","tag-mutum","tag-renato-alves-da-silveira","tag-santa-barbara-do-leste","tag-santa-rita-de-minas"],"_links":{"self":[{"href":"https:\/\/aconteceunovale.com.br\/portal\/index.php?rest_route=\/wp\/v2\/posts\/46426","targetHints":{"allow":["GET"]}}],"collection":[{"href":"https:\/\/aconteceunovale.com.br\/portal\/index.php?rest_route=\/wp\/v2\/posts"}],"about":[{"href":"https:\/\/aconteceunovale.com.br\/portal\/index.php?rest_route=\/wp\/v2\/types\/post"}],"author":[{"embeddable":true,"href":"https:\/\/aconteceunovale.com.br\/portal\/index.php?rest_route=\/wp\/v2\/users\/1"}],"replies":[{"embeddable":true,"href":"https:\/\/aconteceunovale.com.br\/portal\/index.php?rest_route=%2Fwp%2Fv2%2Fcomments&post=46426"}],"version-history":[{"count":0,"href":"https:\/\/aconteceunovale.com.br\/portal\/index.php?rest_route=\/wp\/v2\/posts\/46426\/revisions"}],"wp:featuredmedia":[{"embeddable":true,"href":"https:\/\/aconteceunovale.com.br\/portal\/index.php?rest_route=\/wp\/v2\/media\/46427"}],"wp:attachment":[{"href":"https:\/\/aconteceunovale.com.br\/portal\/index.php?rest_route=%2Fwp%2Fv2%2Fmedia&parent=46426"}],"wp:term":[{"taxonomy":"category","embeddable":true,"href":"https:\/\/aconteceunovale.com.br\/portal\/index.php?rest_route=%2Fwp%2Fv2%2Fcategories&post=46426"},{"taxonomy":"post_tag","embeddable":true,"href":"https:\/\/aconteceunovale.com.br\/portal\/index.php?rest_route=%2Fwp%2Fv2%2Ftags&post=46426"}],"curies":[{"name":"wp","href":"https:\/\/api.w.org\/{rel}","templated":true}]}}