{"id":46420,"date":"2014-11-25T19:17:44","date_gmt":"2014-11-25T22:17:44","guid":{"rendered":"http:\/\/aconteceunovale.com.br\/portal\/?p=46420"},"modified":"2014-11-25T19:17:44","modified_gmt":"2014-11-25T22:17:44","slug":"decisao-judicial-sobre-caso-de-racismo-nos-estados-unidos-provoca-onda-de-indignacao","status":"publish","type":"post","link":"https:\/\/aconteceunovale.com.br\/portal\/?p=46420","title":{"rendered":"Decis\u00e3o judicial sobre caso de racismo nos Estados Unidos provoca onda de indigna\u00e7\u00e3o"},"content":{"rendered":"<p>A decis\u00e3o de um j\u00fari de n\u00e3o imputar acusa\u00e7\u00f5es ao policial que matou um jovem negro, no in\u00edcio de agosto, em Ferguson, desencadeou uma onda de indigna\u00e7\u00e3o nos Estados Unidos e levou o presidente Barack Obama a apelar \u00e0 popula\u00e7\u00e3o para ter calma.<\/p>\n<p>Pouco depois de o procurador do condado de St. Louis, Robert McCulloch, ter anunciado o veredito do j\u00fari registaram-se os primeiros dist\u00farbios na Avenida West Florissant, em Ferguson, epicentro da onda de dist\u00farbios raciais desencadeada pela morte, em 9 de agosto, de Michael Brown, de 18 anos, baleado pelo agente Darren Wilson.<\/p>\n<p><img decoding=\"async\" src=\"http:\/\/aconteceunovale.com.br\/portal\/wp-content\/uploads\/2014\/11\/raciscmo_eua.jpg\" alt=\"\" \/><em>Bombeiros trabalham para controlar fogo em Ferguson &#8211; Foto: Larry W. Smith\/EPA\/Ag\u00ea<\/em><br \/>\n<\/br><\/p>\n<p>Horas depois do veredito ter sido divulgado, doze edif\u00edcios estavam em chamas na pequena cidade de Ferguson, no estado do Missouri, que decidiu n\u00e3o imputar qualquer acusa\u00e7\u00e3o, devido \u00e0 falta de fundamentos suficientes, ao agente que baleou o jovem desarmado.<\/p>\n<p>\u201cNos pr\u00f3ximos dias \u2013 os agentes \u2013 ter\u00e3o de trabalhar com a comunidade, n\u00e3o contra ela, e distinguir o reduzido n\u00facleo de pessoas que poder\u00e3o usar a decis\u00e3o do grande j\u00fari como desculpa para a viol\u00eancia\u201d, afirmou Obama, em breve an\u00fancio, apelando \u00e0 calma e \u00e0 conten\u00e7\u00e3o, em linha com a mensagem dos familiares do adolescente negro morto a tiro em agosto.<\/p>\n<p>Em Washington, a pol\u00edcia usou g\u00e1s lacrimog\u00eaneo para dispersar manifestantes que atiraram pedras e garrafas. As autoridades tamb\u00e9m relatam a ocorr\u00eancia de confrontos, pilhagens e atos de vandalismo, incluindo vidros partidos e viaturas incendiadas.<\/p>\n<p>A zona de Ferguson encontra-se sob alerta m\u00e1ximo, com o FBI e a Guarda Nacional preparados para intervir face \u00e0 possibilidade de os protestos, convocados para esta noite, se tornarem t\u00e3o violentos, como os que se verificaram ap\u00f3s a morte de Brown.<\/p>\n<p>O governador do estado do Missouri, Jay Nixon, decretou estado de emerg\u00eancia.<\/p>\n<p>De Seattle a Nova Iorque, passando por Chicago e Los Angeles, milhares de norte-americanos sa\u00edram para as ruas na noite de segunda-feira e a onda de indigna\u00e7\u00e3o se espalhou por todo o pa\u00eds.<\/p>\n<p>O painel formado por 12 jurados, incluindo tr\u00eas afroamericanos, fez uma instru\u00e7\u00e3o \u201ccompleta e profunda\u201d, ouvindo mais de 60 testemunhas ao longo de 70 horas, examinando centenas de fotografias e outros elementos incriminat\u00f3rios e escutou tr\u00eas m\u00e9dicos legistas.<\/p>\n<p>\u201cN\u00e3o h\u00e1 d\u00favida de que o agente Wilson causou a morte\u201d de Michael Brown, declarou o procurador, falando em \u201cmorte tr\u00e1gica\u201d.<\/p>\n<p><strong><em>(Ag\u00eancia Brasil)<\/em><\/strong><\/p>\n","protected":false},"excerpt":{"rendered":"<p>A decis\u00e3o de um j\u00fari de n\u00e3o imputar acusa\u00e7\u00f5es ao policial que matou um jovem negro, no in\u00edcio de agosto, em Ferguson, desencadeou uma onda de indigna\u00e7\u00e3o nos Estados Unidos e levou o presidente Barack Obama a apelar \u00e0 popula\u00e7\u00e3o para ter calma. Pouco depois de o procurador do condado de St. Louis, Robert McCulloch, [&hellip;]<\/p>\n","protected":false},"author":1,"featured_media":46421,"comment_status":"open","ping_status":"closed","sticky":false,"template":"","format":"standard","meta":{"amp_status":"","footnotes":""},"categories":[6],"tags":[24376,24374,1828,24375,15072],"class_list":["post-46420","post","type-post","status-publish","format-standard","has-post-thumbnail","hentry","category-br","tag-decisao-judicial-sobre-caso-de-racismo-nos-estados-unidos-provoca-onda-de-indignacao","tag-decisao-judicial-sobre-caso-de-racismo-nos-eua-provoca-onda-de-indignacao","tag-direitos-humanos","tag-fergunson","tag-racismo"],"_links":{"self":[{"href":"https:\/\/aconteceunovale.com.br\/portal\/index.php?rest_route=\/wp\/v2\/posts\/46420","targetHints":{"allow":["GET"]}}],"collection":[{"href":"https:\/\/aconteceunovale.com.br\/portal\/index.php?rest_route=\/wp\/v2\/posts"}],"about":[{"href":"https:\/\/aconteceunovale.com.br\/portal\/index.php?rest_route=\/wp\/v2\/types\/post"}],"author":[{"embeddable":true,"href":"https:\/\/aconteceunovale.com.br\/portal\/index.php?rest_route=\/wp\/v2\/users\/1"}],"replies":[{"embeddable":true,"href":"https:\/\/aconteceunovale.com.br\/portal\/index.php?rest_route=%2Fwp%2Fv2%2Fcomments&post=46420"}],"version-history":[{"count":0,"href":"https:\/\/aconteceunovale.com.br\/portal\/index.php?rest_route=\/wp\/v2\/posts\/46420\/revisions"}],"wp:featuredmedia":[{"embeddable":true,"href":"https:\/\/aconteceunovale.com.br\/portal\/index.php?rest_route=\/wp\/v2\/media\/46421"}],"wp:attachment":[{"href":"https:\/\/aconteceunovale.com.br\/portal\/index.php?rest_route=%2Fwp%2Fv2%2Fmedia&parent=46420"}],"wp:term":[{"taxonomy":"category","embeddable":true,"href":"https:\/\/aconteceunovale.com.br\/portal\/index.php?rest_route=%2Fwp%2Fv2%2Fcategories&post=46420"},{"taxonomy":"post_tag","embeddable":true,"href":"https:\/\/aconteceunovale.com.br\/portal\/index.php?rest_route=%2Fwp%2Fv2%2Ftags&post=46420"}],"curies":[{"name":"wp","href":"https:\/\/api.w.org\/{rel}","templated":true}]}}