{"id":46417,"date":"2014-11-25T19:09:51","date_gmt":"2014-11-25T22:09:51","guid":{"rendered":"http:\/\/aconteceunovale.com.br\/portal\/?p=46417"},"modified":"2014-11-25T19:09:51","modified_gmt":"2014-11-25T22:09:51","slug":"lutador-fica-sem-beber-agua-para-chegar-ao-peso-ideal-e-morre-apos-campeonato-em-montes-claros","status":"publish","type":"post","link":"https:\/\/aconteceunovale.com.br\/portal\/?p=46417","title":{"rendered":"Lutador fica sem beber \u00e1gua para chegar ao peso ideal e morre ap\u00f3s campeonato em Montes Claros"},"content":{"rendered":"<h4><strong><em>Segundo irm\u00e3o do atleta, ele tamb\u00e9m estava de dieta<\/em><\/strong><\/h4>\n<p>[image src=&#8221;http:\/\/aconteceunovale.com.br\/portal\/wp-content\/uploads\/2014\/11\/morte_lutador_moc.jpeg&#8221; width=&#8221;325&#8243; height=&#8221;350&#8243; lightbox=&#8221;yes&#8221; align=&#8221;left&#8221; float=&#8221;left&#8221;]Um lutador de 27 anos morreu ap\u00f3s ficar sem beber \u00e1gua para chegar ao peso ideal e participar de um campeonato em Montes Claros, no norte de Minas Gerais.<\/p>\n<p>Em luto, a academia onde Jordan Batista (foto) treinava ficou fechada. O homem era faixa branca em jiu-jitsu e participava de uma competi\u00e7\u00e3o pela primeira vez.<\/p>\n<p>Depois de ganhar a primeira luta no campeonato, o homem come\u00e7ou a se sentir mal. O primeiro atendimento foi feito no gin\u00e1sio. Em seguida, ele precisou ser levado para a Santa Casa, onde apresentou quadro de desidrata\u00e7\u00e3o e, oito horas depois, sofreu uma parada cardiorrespirat\u00f3ria.<\/p>\n<p>O irm\u00e3o do lutador, Kevin Silveira, diz que Batista era saud\u00e1vel. &#8220;Ele j\u00e1 tinha feito uma bateria de exames que n\u00e3o apontaram nada. O Jordan comentou que a categoria dele era 70kg e, por isso, tinha diminu\u00eddo a alimenta\u00e7\u00e3o e ingeriu menos \u00e1gua para ficar com o peso adequado.&#8221; (R7)<\/p>\n","protected":false},"excerpt":{"rendered":"<p>Segundo irm\u00e3o do atleta, ele tamb\u00e9m estava de dieta [image src=&#8221;http:\/\/aconteceunovale.com.br\/portal\/wp-content\/uploads\/2014\/11\/morte_lutador_moc.jpeg&#8221; width=&#8221;325&#8243; height=&#8221;350&#8243; lightbox=&#8221;yes&#8221; align=&#8221;left&#8221; float=&#8221;left&#8221;]Um lutador de 27 anos morreu ap\u00f3s ficar sem beber \u00e1gua para chegar ao peso ideal e participar de um campeonato em Montes Claros, no norte de Minas Gerais. Em luto, a academia onde Jordan Batista (foto) treinava ficou fechada. [&hellip;]<\/p>\n","protected":false},"author":1,"featured_media":46418,"comment_status":"open","ping_status":"closed","sticky":false,"template":"","format":"standard","meta":{"amp_status":"","footnotes":""},"categories":[1236],"tags":[24373,24372,210],"class_list":["post-46417","post","type-post","status-publish","format-standard","has-post-thumbnail","hentry","category-norte_de_minas","tag-jordan-batista","tag-lutador-fica-sem-beber-agua-para-chegar-ao-peso-ideal-e-morre-apos-campeonato-em-montes-claros","tag-montes-claros"],"_links":{"self":[{"href":"https:\/\/aconteceunovale.com.br\/portal\/index.php?rest_route=\/wp\/v2\/posts\/46417","targetHints":{"allow":["GET"]}}],"collection":[{"href":"https:\/\/aconteceunovale.com.br\/portal\/index.php?rest_route=\/wp\/v2\/posts"}],"about":[{"href":"https:\/\/aconteceunovale.com.br\/portal\/index.php?rest_route=\/wp\/v2\/types\/post"}],"author":[{"embeddable":true,"href":"https:\/\/aconteceunovale.com.br\/portal\/index.php?rest_route=\/wp\/v2\/users\/1"}],"replies":[{"embeddable":true,"href":"https:\/\/aconteceunovale.com.br\/portal\/index.php?rest_route=%2Fwp%2Fv2%2Fcomments&post=46417"}],"version-history":[{"count":0,"href":"https:\/\/aconteceunovale.com.br\/portal\/index.php?rest_route=\/wp\/v2\/posts\/46417\/revisions"}],"wp:featuredmedia":[{"embeddable":true,"href":"https:\/\/aconteceunovale.com.br\/portal\/index.php?rest_route=\/wp\/v2\/media\/46418"}],"wp:attachment":[{"href":"https:\/\/aconteceunovale.com.br\/portal\/index.php?rest_route=%2Fwp%2Fv2%2Fmedia&parent=46417"}],"wp:term":[{"taxonomy":"category","embeddable":true,"href":"https:\/\/aconteceunovale.com.br\/portal\/index.php?rest_route=%2Fwp%2Fv2%2Fcategories&post=46417"},{"taxonomy":"post_tag","embeddable":true,"href":"https:\/\/aconteceunovale.com.br\/portal\/index.php?rest_route=%2Fwp%2Fv2%2Ftags&post=46417"}],"curies":[{"name":"wp","href":"https:\/\/api.w.org\/{rel}","templated":true}]}}