{"id":46392,"date":"2014-11-25T14:38:39","date_gmt":"2014-11-25T17:38:39","guid":{"rendered":"http:\/\/aconteceunovale.com.br\/portal\/?p=46392"},"modified":"2014-11-25T14:38:39","modified_gmt":"2014-11-25T17:38:39","slug":"conceicao-do-mato-dentro-comemora-312-anos","status":"publish","type":"post","link":"https:\/\/aconteceunovale.com.br\/portal\/?p=46392","title":{"rendered":"Concei\u00e7\u00e3o do Mato Dentro comemora 312 Anos"},"content":{"rendered":"<p>No dia 8 de dezembro Concei\u00e7\u00e3o do Mato Dentro completa 312 anos, anivers\u00e1rio que ser\u00e1 comemorado com educa\u00e7\u00e3o, cultura e muita divers\u00e3o. O cronograma festivo tem educa\u00e7\u00e3o patrimonial nas escolas, teatro e atra\u00e7\u00f5es musicais da melhor qualidade. Destaque para o show de Alceu Valen\u00e7a que ser\u00e1 realizado no s\u00e1bado, dia 6, no Adro da Igreja Santana.<\/p>\n<p>O pernambucano Alceu Valen\u00e7a \u00e9 conhecido pela sua irrever\u00eancia musical. Sem medo de inova\u00e7\u00f5es, ele mistura a sonoridade do agreste, registrada pelos maracatus, coco e repentes de viola, ao peso da guitarra e do baixo el\u00e9trico. A m\u00fasica de Alceu \u00e9 bem brasileira, sendo sentimental e ao mesmo tempo eletrizante. Um show para dan\u00e7ar e emocionar.<\/p>\n<p>A abertura do show fica por conta da conceicionense Denise De Miranda. A cantora, que iniciou sua carreira em Nova York em 1979, foi revelada aos 15 anos nos festivais de sua cidade natal e t\u00eam no curr\u00edculo participa\u00e7\u00e3o em festivais de diferentes cantos do mundo, como na Su\u00ed\u00e7a e na It\u00e1lia. No seu show, ela apresenta um repert\u00f3rio variado que explora o que de melhor a m\u00fasica tem. Bossa nova, samba jazz e cl\u00e1ssicos brasileiros e italianos n\u00e3o v\u00e3o faltar.<\/p>\n<p><img decoding=\"async\" src=\"http:\/\/aconteceunovale.com.br\/portal\/wp-content\/uploads\/2014\/11\/alceu_valenca.jpg\" alt=\"\" \/><em>Alceu Valen\u00e7a far\u00e1 show em Concei\u00e7\u00e3o do Mato Dentro dia 6 de dezembro &#8211; Foto: Divulga\u00e7\u00e3o<\/em><br \/>\n<\/br><\/p>\n<h4>Sexta Cultural Especial<\/h4>\n<p>No dia 5 de dezembro acontece a Sexta Cultural Especial de anivers\u00e1rio da cidade. O show principal \u00e9 de Paulinho Borges. Natural de Belo Horizonte, ele \u00e9 visitante ass\u00edduo de Concei\u00e7\u00e3o, onde seu trabalho foi sempre muito bem recebido. Recentemente, Paulinho lan\u00e7ou seu primeiro \u00e1lbum, inaugurando sua entrada na m\u00fasica independente mineira. Mesclando pop, mpb e rock, o cantor vem ganhando cada vez mais espa\u00e7o e j\u00e1 marca as programa\u00e7\u00f5es da R\u00e1dio Bom Jesus FM, de Concei\u00e7\u00e3o do Mato Dentro, e da R\u00e1dio Inconfid\u00eancia de Belo Horizonte.<\/p>\n<p>Abrindo a noite, a banda Caf\u00e9 com Soul, formada pelos conceicionenses Dan Utsch, F\u00e1bio Bera e L\u00edvio prometem muita anima\u00e7\u00e3o com um repert\u00f3rio que passa pelos anos 70, 80 e 90. Juntos desde 2013, o trio prop\u00f5e um trabalho de resgate ao black music relembrando sucessos de artistas consagrados como James Brown, Tim Maia e Ed Mota e busca no som dos seu \u00eddolos inspira\u00e7\u00e3o para compor suas pr\u00f3prias m\u00fasicas.<\/p>\n<p>A Sexta Cultural acontecer\u00e1 no Largo do Ros\u00e1rio a partir das 22 horas.<\/p>\n<h4>Teatro<\/h4>\n<p>Precedendo as apresenta\u00e7\u00f5es musicais da Sexta Cultural, no dia 5 ser\u00e1 apresentada a pe\u00e7a teatral \u201cBalada\u201d. \u00c9 a hist\u00f3ria de Samuel, calouro universit\u00e1rio que muda de uma pequena cidade do interior para a capital, em busca de futuro pr\u00f3spero. Em meio a tanta novidade, sua aventura parece n\u00e3o ter fim. \u00c9 uma pe\u00e7a teatral que discute comportamento, AIDS, discrimina\u00e7\u00e3o, amor, lazer e preconceito. O espet\u00e1culo acontece \u00e0s 20 horas no Mercado Municipal.<\/p>\n<p>No dia 08, segunda-feira, dia no anivers\u00e1rio da cidade, a programa\u00e7\u00e3o teatral apresentar\u00e1 a com\u00e9dia cl\u00e1ssica \u201cO Ganso de Ouro\u201d. A montagem \u00e9 inspirada no conto dos Irm\u00e3os Grimm. Conta a hist\u00f3ria do filho mais jovem de uma fam\u00edlia de camponeses que ganhou de um velho mago um ganso de ouro encantado como recompensa por suas bondosas a\u00e7\u00f5es. Com o ganso debaixo do bra\u00e7o, o garoto resolveu sair pelo mundo e todos que desejavam o ganso de ouro ficavam presos a ele. A pe\u00e7a est\u00e1 marcada para as 20 horas no Largo do Ros\u00e1rio.<\/p>\n<p>As pe\u00e7as teatrais s\u00e3o da Cia Condelon de Teatro.<\/p>\n<h4>Educa\u00e7\u00e3o Patrimonial<\/h4>\n<p>De 01 a 05 de dezembro, atividades de educa\u00e7\u00e3o patrimonial ser\u00e3o realizadas em todas as escolas da rede municipal de ensino. Crian\u00e7as e adolescentes aprender\u00e3o um pouco mais sobre a hist\u00f3ria de Concei\u00e7\u00e3o do Mato Dentro, entender\u00e3o a import\u00e2ncia dos patrim\u00f4nios materiais e imateriais que o munic\u00edpio abriga, apropriando-se dos bens culturais conceicionenses.<\/p>\n<p>Marque tudo no seu calend\u00e1rio e n\u00e3o perca nenhum momento dessa comemora\u00e7\u00e3o! Todas as atra\u00e7\u00f5es s\u00e3o gratuitas e abertas ao p\u00fablico.<\/p>\n","protected":false},"excerpt":{"rendered":"<p>No dia 8 de dezembro Concei\u00e7\u00e3o do Mato Dentro completa 312 anos, anivers\u00e1rio que ser\u00e1 comemorado com educa\u00e7\u00e3o, cultura e muita divers\u00e3o. O cronograma festivo tem educa\u00e7\u00e3o patrimonial nas escolas, teatro e atra\u00e7\u00f5es musicais da melhor qualidade. Destaque para o show de Alceu Valen\u00e7a que ser\u00e1 realizado no s\u00e1bado, dia 6, no Adro da Igreja [&hellip;]<\/p>\n","protected":false},"author":1,"featured_media":46393,"comment_status":"open","ping_status":"closed","sticky":false,"template":"","format":"standard","meta":{"amp_status":"","footnotes":""},"categories":[123],"tags":[24343,24345,628,24341,24342,24344],"class_list":["post-46392","post","type-post","status-publish","format-standard","has-post-thumbnail","hentry","category-gerais","tag-alceu-valenca","tag-alceu-valenca-fara-show-em-conceicao-do-mato-dentro-dia-6-de-dezembro","tag-conceicao-do-mato-dentro","tag-conceicao-do-mato-dentro-comemora-312-anos","tag-conceicao-do-mato-dentro-completa-312-anos","tag-denise-de-miranda"],"_links":{"self":[{"href":"https:\/\/aconteceunovale.com.br\/portal\/index.php?rest_route=\/wp\/v2\/posts\/46392","targetHints":{"allow":["GET"]}}],"collection":[{"href":"https:\/\/aconteceunovale.com.br\/portal\/index.php?rest_route=\/wp\/v2\/posts"}],"about":[{"href":"https:\/\/aconteceunovale.com.br\/portal\/index.php?rest_route=\/wp\/v2\/types\/post"}],"author":[{"embeddable":true,"href":"https:\/\/aconteceunovale.com.br\/portal\/index.php?rest_route=\/wp\/v2\/users\/1"}],"replies":[{"embeddable":true,"href":"https:\/\/aconteceunovale.com.br\/portal\/index.php?rest_route=%2Fwp%2Fv2%2Fcomments&post=46392"}],"version-history":[{"count":0,"href":"https:\/\/aconteceunovale.com.br\/portal\/index.php?rest_route=\/wp\/v2\/posts\/46392\/revisions"}],"wp:featuredmedia":[{"embeddable":true,"href":"https:\/\/aconteceunovale.com.br\/portal\/index.php?rest_route=\/wp\/v2\/media\/46393"}],"wp:attachment":[{"href":"https:\/\/aconteceunovale.com.br\/portal\/index.php?rest_route=%2Fwp%2Fv2%2Fmedia&parent=46392"}],"wp:term":[{"taxonomy":"category","embeddable":true,"href":"https:\/\/aconteceunovale.com.br\/portal\/index.php?rest_route=%2Fwp%2Fv2%2Fcategories&post=46392"},{"taxonomy":"post_tag","embeddable":true,"href":"https:\/\/aconteceunovale.com.br\/portal\/index.php?rest_route=%2Fwp%2Fv2%2Ftags&post=46392"}],"curies":[{"name":"wp","href":"https:\/\/api.w.org\/{rel}","templated":true}]}}