{"id":46388,"date":"2014-11-25T14:22:44","date_gmt":"2014-11-25T17:22:44","guid":{"rendered":"http:\/\/aconteceunovale.com.br\/portal\/?p=46388"},"modified":"2015-01-17T13:03:17","modified_gmt":"2015-01-17T16:03:17","slug":"diamantina-recebe-o-iii-encontro-dos-tamborzeiros-do-rosario-do-vale-do-jequitinhonha","status":"publish","type":"post","link":"https:\/\/aconteceunovale.com.br\/portal\/?p=46388","title":{"rendered":"Diamantina recebe o III Encontro dos Tamborzeiros do Ros\u00e1rio do Vale do Jequitinhonha"},"content":{"rendered":"<h4><strong><em>Interc\u00e2mbio, conviv\u00eancia e aprendizagem<\/em><\/strong><\/h4>\n<p>[image src=&#8221;http:\/\/aconteceunovale.com.br\/portal\/wp-content\/uploads\/2014\/11\/encontro_tamborzeiros_rosario_2.jpg&#8221; width=&#8221;158&#8243; height=&#8221;450&#8243; lightbox=&#8221;yes&#8221; align=&#8221;left&#8221; float=&#8221;left&#8221;]De 26 a 30 de novembro, acontece no distrito de S\u00e3o Jo\u00e3o da Chapada, em Diamantina, a terceira edi\u00e7\u00e3o do Encontro de Tamborzeiros do Ros\u00e1rio do Vale do Jequitinhonha.<\/p>\n<p>Buscando promover um espa\u00e7o de interc\u00e2mbio, conviv\u00eancia e aprendizagem para os grupos tamborzeiros, o Encontro reunir\u00e1 grupos da regi\u00e3o do Vale do Jequitinhonha: os grupos de chula do munic\u00edpio de Diamantina, um grupo coral de Ara\u00e7ua\u00ed, e ainda um grupo de mo\u00e7ambique convidado.<\/p>\n<p>Durante os quatro dias de encontro ser\u00e3o realizados debates, cortejos, lan\u00e7amentos, mesas redondas, mostras, oficinas, palestras, rodas de conversa e muitas manifesta\u00e7\u00f5es da cultura dos tambores. <\/p>\n<p>Sobre a programa\u00e7\u00e3o, a coordenadora do Instituto Bateia, M\u00e1rcia Bet\u00e2nia, ressalta que algumas oficinas s\u00e3o destinadas prioritariamente para integrantes dos grupos participantes do encontro, mas tamb\u00e9m ser\u00e3o promovidas oficinas livres em pra\u00e7a p\u00fablica. Todas as atividades do encontro s\u00e3o gratuitas.<\/p>\n<p>Ainda segundo M\u00e1rcia, a programa\u00e7\u00e3o do encontro contempla \u201csitua\u00e7\u00f5es em que os tamborzeiros ser\u00e3o motivados a mostrarem suas pr\u00e1ticas dentro de um contexto de valoriza\u00e7\u00e3o, mostra, repasse e troca de seus saberes e habilidades\u201d.<\/p>\n<p>O III Encontro dos Tamborzeiros do Ros\u00e1rio do Vale do Jequitinhonha tem o apoio da Secretaria de Estado de Cultura, atrav\u00e9s do Fundo Estadual de Cultura, Pr\u00f3-reitora de Extens\u00e3o e Cultura da UFVJM, do Programa M\u00fasica de Minas da Secretaria de Estado de Cultura, Prefeituras Municipais e Irmandades do Ros\u00e1rio.<\/p>\n<p>Confira a programa\u00e7\u00e3o:<\/p>\n<p><strong>26 a 29 de Novembro<\/strong><\/p>\n<p>Em S\u00e3o Jo\u00e3o da Chapada e Diamantina<\/p>\n<p>Oficinas de cantigas, batuques e outras pr\u00e1ticas tradicionais da regi\u00e3o<\/p>\n<p>Conversa com os mestres<\/p>\n<p><strong>29 de Novembro<\/strong><\/p>\n<p>8h &#8211; Palestra: A terra dos diamantes e a tradi\u00e7\u00e3o do garimpo no Alto Jequitinhonha -Profa. Mariana Lacerda- Casa da Gl\u00f3ria\/UFMG-IGC<\/p>\n<p>8:30h -Passeio tur\u00edstico<\/p>\n<p>15h- Cortejo pelas ruas da cidade com os tamborzeiros e v\u00e1rios grupos convidados<\/p>\n<p>16h -Instala\u00e7\u00e3o do Espa\u00e7o do Tamborzeiro-Abertura solene-Mercado Velho.<\/p>\n<p>16:30h &#8211; Mesa-Pol\u00edticas p\u00fablicas para as culturas populares &#8211; Representantes das institui\u00e7\u00f5es: MINC-IPHAN; IEPHA; UFVJM; UFMG<\/p>\n<p>17 \u00e0s 18h &#8211; Oficinas abertas de batuques, dan\u00e7a da garrafa, dan\u00e7a do porretim- P\u00e7a do Mercado.<\/p>\n<p>18h -Mostra das oficinas<\/p>\n<p>20h &#8211; Noite do tambor: brincadeiras de disputa, dan\u00e7a do porretim, dan\u00e7a da garrafa, grumenta\u00e7\u00e3o, cantos e batuques &#8211; Show musical: Saldanha Rolim e os Tambores de Cantaria-Mercado Velho.<\/p>\n<p><strong>30 de Novembro<\/strong><\/p>\n<p>Mercado Velho<\/p>\n<p>8h &#8211; Cantos de abertura da manh\u00e3-<\/p>\n<p>8:30h- Palestra e bate papo: Sons dos tambores do ros\u00e1rio-passado e presente &#8211; Profa. Leda Martins-UFMG e Daniel Magalh\u00e3es- M\u00fasico e pesquisador &#8211; Lan\u00e7amento da cartilha: O Bem Comum: Imagem, Canto, Palavra<\/p>\n<p>9:30h &#8211; Mesa dos capit\u00e3es, irmandades e convidados: Experi\u00eancias de transmiss\u00e3o de saberes e fazeres<\/p>\n<p>10:30 \u00e0s 11:30h &#8211; Oficinas abertas de batuques, dan\u00e7a da garrafa, dan\u00e7a do porretim \u2013 P\u00e7a do Mercado<\/p>\n<p>10:30h &#8211; Grupo de trabalho com os gestores municipais e tamborzeiros<\/p>\n<p>12h &#8211; Leitura: Carta do Encontro<\/p>\n<p>Almo\u00e7o<\/p>\n<p>Tambores de despedida.<\/p>\n<p>Maiores informa\u00e7\u00f5es: <a href=\"http:\/\/www.institutobateia.org.br\" target=\"_blank\">www.institutobateia.org.br<\/a><\/p>\n<p>E-mail: institutobateia@hotmail.com<\/p>\n<p>Fone: (38) 88370704<\/p>\n<p>Servi\u00e7o: Alberis Mafra<\/p>\n","protected":false},"excerpt":{"rendered":"<p>Interc\u00e2mbio, conviv\u00eancia e aprendizagem [image src=&#8221;http:\/\/aconteceunovale.com.br\/portal\/wp-content\/uploads\/2014\/11\/encontro_tamborzeiros_rosario_2.jpg&#8221; width=&#8221;158&#8243; height=&#8221;450&#8243; lightbox=&#8221;yes&#8221; align=&#8221;left&#8221; float=&#8221;left&#8221;]De 26 a 30 de novembro, acontece no distrito de S\u00e3o Jo\u00e3o da Chapada, em Diamantina, a terceira edi\u00e7\u00e3o do Encontro de Tamborzeiros do Ros\u00e1rio do Vale do Jequitinhonha. Buscando promover um espa\u00e7o de interc\u00e2mbio, conviv\u00eancia e aprendizagem para os grupos tamborzeiros, o Encontro reunir\u00e1 [&hellip;]<\/p>\n","protected":false},"author":1,"featured_media":46389,"comment_status":"open","ping_status":"closed","sticky":false,"template":"","format":"standard","meta":{"amp_status":"","footnotes":""},"categories":[120],"tags":[186,198,24338,24340,24339],"class_list":["post-46388","post","type-post","status-publish","format-standard","has-post-thumbnail","hentry","category-jequi","tag-aracuai","tag-diamantina","tag-diamantina-recebe-o-iii-encontro-dos-tamborzeiros-do-rosario-do-vale-do-jequitinhonha","tag-encontro-de-tamborzeiros-do-rosario-do-vale-do-jequitinhonha","tag-iii-encontro-dos-tamborzeiros-do-rosario-do-vale-do-jequitinhonha"],"_links":{"self":[{"href":"https:\/\/aconteceunovale.com.br\/portal\/index.php?rest_route=\/wp\/v2\/posts\/46388","targetHints":{"allow":["GET"]}}],"collection":[{"href":"https:\/\/aconteceunovale.com.br\/portal\/index.php?rest_route=\/wp\/v2\/posts"}],"about":[{"href":"https:\/\/aconteceunovale.com.br\/portal\/index.php?rest_route=\/wp\/v2\/types\/post"}],"author":[{"embeddable":true,"href":"https:\/\/aconteceunovale.com.br\/portal\/index.php?rest_route=\/wp\/v2\/users\/1"}],"replies":[{"embeddable":true,"href":"https:\/\/aconteceunovale.com.br\/portal\/index.php?rest_route=%2Fwp%2Fv2%2Fcomments&post=46388"}],"version-history":[{"count":0,"href":"https:\/\/aconteceunovale.com.br\/portal\/index.php?rest_route=\/wp\/v2\/posts\/46388\/revisions"}],"wp:featuredmedia":[{"embeddable":true,"href":"https:\/\/aconteceunovale.com.br\/portal\/index.php?rest_route=\/wp\/v2\/media\/46389"}],"wp:attachment":[{"href":"https:\/\/aconteceunovale.com.br\/portal\/index.php?rest_route=%2Fwp%2Fv2%2Fmedia&parent=46388"}],"wp:term":[{"taxonomy":"category","embeddable":true,"href":"https:\/\/aconteceunovale.com.br\/portal\/index.php?rest_route=%2Fwp%2Fv2%2Fcategories&post=46388"},{"taxonomy":"post_tag","embeddable":true,"href":"https:\/\/aconteceunovale.com.br\/portal\/index.php?rest_route=%2Fwp%2Fv2%2Ftags&post=46388"}],"curies":[{"name":"wp","href":"https:\/\/api.w.org\/{rel}","templated":true}]}}