{"id":46382,"date":"2014-11-25T13:56:34","date_gmt":"2014-11-25T16:56:34","guid":{"rendered":"http:\/\/aconteceunovale.com.br\/portal\/?p=46382"},"modified":"2014-11-25T13:56:34","modified_gmt":"2014-11-25T16:56:34","slug":"coracao-de-jesus-recebe-projeto-de-mobilizacao-do-samu","status":"publish","type":"post","link":"https:\/\/aconteceunovale.com.br\/portal\/?p=46382","title":{"rendered":"Cora\u00e7\u00e3o de Jesus recebe projeto de mobiliza\u00e7\u00e3o do Samu"},"content":{"rendered":"<h4><strong><em>Com o tema Parceria pela Vida, o objetivo \u00e9 orientar a popula\u00e7\u00e3o a melhor utilizar o servi\u00e7o de urg\u00eancia e emerg\u00eancia<\/em><\/strong><\/h4>\n<p>Dando continuidade ao projeto com o tema \u201cParceria pela Vida: o Samu mais perto de voc\u00ea\u201d, o Servi\u00e7o de Atendimento M\u00f3vel de Urg\u00eancia do Norte de Minas (Samu Macro Norte) promove mais uma reuni\u00e3o p\u00fablica, nesta quarta-feira, 26\/11, em Cora\u00e7\u00e3o de Jesus.<\/p>\n<p>O encontro ser\u00e1 realizado na C\u00e2mara Municipal, \u00e0s 15 horas, e reunir\u00e1 prefeitos, profissionais de sa\u00fade e demais representantes dos seis munic\u00edpios que comp\u00f5em a microrregi\u00e3o.<\/p>\n<p>O projeto tem o objetivo de promover um esfor\u00e7o de comunica\u00e7\u00e3o de car\u00e1ter educativo e social para que a popula\u00e7\u00e3o seja orientada em rela\u00e7\u00e3o \u00e0 melhor utiliza\u00e7\u00e3o dos servi\u00e7os prestados pelos Samu, especialmente no combate aos trotes que respondem por 30% dos chamados recebidos pelo servi\u00e7o atrav\u00e9s do n\u00famero 192.<\/p>\n<p>Com popula\u00e7\u00e3o de 48.390 habitantes, a microrregi\u00e3o de Cora\u00e7\u00e3o de Jesus possui uma unidade b\u00e1sica do Samu e gera uma m\u00e9dia mensal de 105 chamados para atendimento de urg\u00eancia e emerg\u00eancia, sendo 79% na \u00e1rea urbana.<\/p>\n<p>Durante o encontro, ser\u00e3o apresentados os dados estat\u00edsticos dos atendimentos do Samu na microrregi\u00e3o; orienta\u00e7\u00f5es sobre a ado\u00e7\u00e3o de comportamento seguro para evitar acidentes ou situa\u00e7\u00f5es que coloquem a vida em risco; as situa\u00e7\u00f5es em que o Samu deve ser acionado pelo n\u00famero 192; e apresenta\u00e7\u00e3o dos avan\u00e7os alcan\u00e7ados pelo servi\u00e7o nos \u00faltimos cinco anos.<\/p>\n<p>No mesmo dia, pela manh\u00e3, o N\u00facleo de Educa\u00e7\u00e3o Permanente do Samu realizar\u00e1 um curso de atualiza\u00e7\u00e3o em urg\u00eancia e emerg\u00eancia para os socorristas e profissionais dos hospitais e centros de sa\u00fade dos munic\u00edpios envolvidos no encontro.<\/p>\n","protected":false},"excerpt":{"rendered":"<p>Com o tema Parceria pela Vida, o objetivo \u00e9 orientar a popula\u00e7\u00e3o a melhor utilizar o servi\u00e7o de urg\u00eancia e emerg\u00eancia Dando continuidade ao projeto com o tema \u201cParceria pela Vida: o Samu mais perto de voc\u00ea\u201d, o Servi\u00e7o de Atendimento M\u00f3vel de Urg\u00eancia do Norte de Minas (Samu Macro Norte) promove mais uma reuni\u00e3o [&hellip;]<\/p>\n","protected":false},"author":1,"featured_media":46383,"comment_status":"open","ping_status":"closed","sticky":false,"template":"","format":"standard","meta":{"amp_status":"","footnotes":""},"categories":[1236],"tags":[1801,24330,21819,21817,13731,18629,21139,4040,21818],"class_list":["post-46382","post","type-post","status-publish","format-standard","has-post-thumbnail","hentry","category-norte_de_minas","tag-coracao-de-jesus","tag-coracao-de-jesus-recebe-projeto-de-mobilizacao-do-samu","tag-parceria-pela-vida","tag-parceria-pela-vida-o-samu-mais-perto-de-voce","tag-samu","tag-samu-de-montes-claros","tag-samu-do-norte-de-minas","tag-samu-macro-norte","tag-samu-mais-perto-de-voce"],"_links":{"self":[{"href":"https:\/\/aconteceunovale.com.br\/portal\/index.php?rest_route=\/wp\/v2\/posts\/46382","targetHints":{"allow":["GET"]}}],"collection":[{"href":"https:\/\/aconteceunovale.com.br\/portal\/index.php?rest_route=\/wp\/v2\/posts"}],"about":[{"href":"https:\/\/aconteceunovale.com.br\/portal\/index.php?rest_route=\/wp\/v2\/types\/post"}],"author":[{"embeddable":true,"href":"https:\/\/aconteceunovale.com.br\/portal\/index.php?rest_route=\/wp\/v2\/users\/1"}],"replies":[{"embeddable":true,"href":"https:\/\/aconteceunovale.com.br\/portal\/index.php?rest_route=%2Fwp%2Fv2%2Fcomments&post=46382"}],"version-history":[{"count":0,"href":"https:\/\/aconteceunovale.com.br\/portal\/index.php?rest_route=\/wp\/v2\/posts\/46382\/revisions"}],"wp:featuredmedia":[{"embeddable":true,"href":"https:\/\/aconteceunovale.com.br\/portal\/index.php?rest_route=\/wp\/v2\/media\/46383"}],"wp:attachment":[{"href":"https:\/\/aconteceunovale.com.br\/portal\/index.php?rest_route=%2Fwp%2Fv2%2Fmedia&parent=46382"}],"wp:term":[{"taxonomy":"category","embeddable":true,"href":"https:\/\/aconteceunovale.com.br\/portal\/index.php?rest_route=%2Fwp%2Fv2%2Fcategories&post=46382"},{"taxonomy":"post_tag","embeddable":true,"href":"https:\/\/aconteceunovale.com.br\/portal\/index.php?rest_route=%2Fwp%2Fv2%2Ftags&post=46382"}],"curies":[{"name":"wp","href":"https:\/\/api.w.org\/{rel}","templated":true}]}}