{"id":46330,"date":"2014-11-24T19:26:02","date_gmt":"2014-11-24T22:26:02","guid":{"rendered":"http:\/\/aconteceunovale.com.br\/portal\/?p=46330"},"modified":"2015-04-26T21:55:15","modified_gmt":"2015-04-27T00:55:15","slug":"policia-procura-homem-que-matou-mulher-e-dois-enteados-em-carangola","status":"publish","type":"post","link":"https:\/\/aconteceunovale.com.br\/portal\/?p=46330","title":{"rendered":"Pol\u00edcia procura homem que matou mulher e dois enteados em Carangola"},"content":{"rendered":"<p><em><strong>Corpos foram encontrados na manh\u00e3 desta segunda-feira (24) na casa da fam\u00edlia.<\/strong><\/em><\/p>\n<p>[image src=&#8221;http:\/\/aconteceunovale.com.br\/portal\/wp-content\/uploads\/2014\/11\/autor_homicidio_carangola.jpg&#8221; width=&#8221;315&#8243; height=&#8221;420&#8243; lightbox=&#8221;yes&#8221; align=&#8221;left&#8221; float=&#8221;left&#8221;]A pol\u00edcia est\u00e1 \u00e0 procura de um homem que matou a mulher e os dois enteados a golpes de faca e enxada em Carangola, na Zona da Mata de Minas Gerais. A esposa tinha 43 anos e os jovens tinham 18 e 22 anos, sendo a mais velha uma cadeirante. Os corpos foram descobertos na manh\u00e3 desta segunda-feira (24) depois que vizinhos chamaram a Pol\u00edcia Militar (PM). Todos foram mortos, possivelmente, ap\u00f3s uma discuss\u00e3o na madrugada desse domingo (23).<\/p>\n<p>O suspeito do triplo homic\u00eddio \u00e9 Jos\u00e9 Lopes de Ara\u00fajo, de 61 anos, que fugiu da cidade ap\u00f3s o crime. Segundo a PM, ele foi visto pela \u00faltima vez abastecendo o carro, um Gol branco modelo antigo, em um posto de combust\u00edveis de Carangola por volta das 3 horas desse domingo. Vizinhos contaram que pouco antes ouviram uma discuss\u00e3o vinda da casa, que fica na rua Faria Lemos, bairro Ouro Verde.<\/p>\n<p>Nesta segunda, depois de chamar pela mulher do suspeito, Maria da Penha Amorim, e n\u00e3o ser atendida, uma vizinha acionou a PM. Os corpos estavam dilacerados, com a maioria dos golpes no pesco\u00e7o e cabe\u00e7a e foram encontrados em locais diferentes. Claudimar Amorim Mendes, de 18 anos, estava aos p\u00e9s da cama da irm\u00e3 Ana Cl\u00e1udia Amorim, de 22 anos, que morreu deitada; a m\u00e3e foi encontrada no ch\u00e3o do quarto do casal.<\/p>\n<p>N\u00e3o foram encontrados sinais de luta e isso intriga a pol\u00edcia. Segundo inspetor Marcos Silva, informa\u00e7\u00f5es preliminares apontam que a motiva\u00e7\u00e3o foi o ci\u00fame exagerado que Jos\u00e9 Lopes tinha da mulher. A fam\u00edlia morava em Eugen\u00f3polis e teria se mudado para Carangola h\u00e1 cinco meses, era evang\u00e9lica e, segundo vizinhos, vivia enclausurada. \u201cSa\u00edam pouco de casa. O rapaz s\u00f3 para o trabalho\u201d, conta Silva.<\/p>\n<p>As investiga\u00e7\u00f5es s\u00e3o chefiadas pelo delegado de Homic\u00eddios Glauco Seguro, que estava em dilig\u00eancia nesta tarde e n\u00e3o foi encontrado para falar sobre o crime. Informa\u00e7\u00f5es preliminares apontam que o suspeito esteja escondido em Governador Valadares, onde tem filhos, e a expectativa \u00e9 que a divulga\u00e7\u00e3o da sua foto ajude a pol\u00edcia a localiz\u00e1-lo. Carangola fica a 76 kms de Manhua\u00e7u e a 60 kms de Eugen\u00f3polis. <\/p>\n<p><img decoding=\"async\" src=\"http:\/\/aconteceunovale.com.br\/portal\/wp-content\/uploads\/2014\/11\/tripo_homicidio_carangola.jpg\" alt=\"\" \/><em>Crime foi descoberto nesta segunda-feira (24) &#8211; Foto: O Combatente\/Divulga\u00e7\u00e3o<\/em><br \/>\n<\/br><\/p>\n<p><em><strong>(Hoje em Dia)<\/strong><\/em><\/p>\n","protected":false},"excerpt":{"rendered":"<p>Corpos foram encontrados na manh\u00e3 desta segunda-feira (24) na casa da fam\u00edlia. [image src=&#8221;http:\/\/aconteceunovale.com.br\/portal\/wp-content\/uploads\/2014\/11\/autor_homicidio_carangola.jpg&#8221; width=&#8221;315&#8243; height=&#8221;420&#8243; lightbox=&#8221;yes&#8221; align=&#8221;left&#8221; float=&#8221;left&#8221;]A pol\u00edcia est\u00e1 \u00e0 procura de um homem que matou a mulher e os dois enteados a golpes de faca e enxada em Carangola, na Zona da Mata de Minas Gerais. A esposa tinha 43 anos e [&hellip;]<\/p>\n","protected":false},"author":1,"featured_media":46331,"comment_status":"open","ping_status":"closed","sticky":false,"template":"","format":"standard","meta":{"amp_status":"","footnotes":""},"categories":[123],"tags":[24242,1501,24241,24240,247,24239,209,24243,24238,24236,24237],"class_list":["post-46330","post","type-post","status-publish","format-standard","has-post-thumbnail","hentry","category-gerais","tag-ana-claudia-amorim","tag-carangola","tag-claudimar-amorim-mendes","tag-eugenopolis","tag-governador-valadares","tag-jose-lopes-de-araujo","tag-manhuacu","tag-maria-da-penha-amorim","tag-policia-procura-homem-que-matou-mulher-e-dois-enteados-em-carangola","tag-policia-procura-homem-que-matou-mulher-e-dois-filhos-em-carangola","tag-triplo-homicidio-em-carangola"],"_links":{"self":[{"href":"https:\/\/aconteceunovale.com.br\/portal\/index.php?rest_route=\/wp\/v2\/posts\/46330","targetHints":{"allow":["GET"]}}],"collection":[{"href":"https:\/\/aconteceunovale.com.br\/portal\/index.php?rest_route=\/wp\/v2\/posts"}],"about":[{"href":"https:\/\/aconteceunovale.com.br\/portal\/index.php?rest_route=\/wp\/v2\/types\/post"}],"author":[{"embeddable":true,"href":"https:\/\/aconteceunovale.com.br\/portal\/index.php?rest_route=\/wp\/v2\/users\/1"}],"replies":[{"embeddable":true,"href":"https:\/\/aconteceunovale.com.br\/portal\/index.php?rest_route=%2Fwp%2Fv2%2Fcomments&post=46330"}],"version-history":[{"count":0,"href":"https:\/\/aconteceunovale.com.br\/portal\/index.php?rest_route=\/wp\/v2\/posts\/46330\/revisions"}],"wp:featuredmedia":[{"embeddable":true,"href":"https:\/\/aconteceunovale.com.br\/portal\/index.php?rest_route=\/wp\/v2\/media\/46331"}],"wp:attachment":[{"href":"https:\/\/aconteceunovale.com.br\/portal\/index.php?rest_route=%2Fwp%2Fv2%2Fmedia&parent=46330"}],"wp:term":[{"taxonomy":"category","embeddable":true,"href":"https:\/\/aconteceunovale.com.br\/portal\/index.php?rest_route=%2Fwp%2Fv2%2Fcategories&post=46330"},{"taxonomy":"post_tag","embeddable":true,"href":"https:\/\/aconteceunovale.com.br\/portal\/index.php?rest_route=%2Fwp%2Fv2%2Ftags&post=46330"}],"curies":[{"name":"wp","href":"https:\/\/api.w.org\/{rel}","templated":true}]}}