{"id":46304,"date":"2014-11-24T16:37:47","date_gmt":"2014-11-24T19:37:47","guid":{"rendered":"http:\/\/aconteceunovale.com.br\/portal\/?p=46304"},"modified":"2014-11-24T16:37:47","modified_gmt":"2014-11-24T19:37:47","slug":"caminhoneiro-morre-em-acidente-na-br-381","status":"publish","type":"post","link":"https:\/\/aconteceunovale.com.br\/portal\/?p=46304","title":{"rendered":"Caminhoneiro morre em acidente na BR-381"},"content":{"rendered":"<p>Um caminhoneiro de 33 anos morreu na noite de ontem, 23 de novembro, em um acidente na altura do Km 342 da BR-381, em Bela Vista de Minas. O condutor, Wendy Pereira dos Santos, teria perdido o controle do caminh\u00e3o em uma curva.<\/p>\n<p>Ele seguia com o ve\u00edculo, com placa de Vit\u00f3ria da Conquista, na Bahia, para Belo Horizonte e estava carregado com mat\u00e9ria-prima para fabrica\u00e7\u00e3o de fraldas descart\u00e1veis. A Pol\u00edcia Rodovi\u00e1ria Federal esteve no local para registrar a ocorr\u00eancia. As informa\u00e7\u00f5es eram de que o caminhoneiro tentaria entrar na curva, mas n\u00e3o conseguiu manter o ve\u00edculo. O caminh\u00e3o derrapou e capotou v\u00e1rias vezes, s\u00f3 parando no acostamento da pista. Wendy teve morte instant\u00e2nea e ficou preso \u00e0s ferragens.<\/p>\n<p><img decoding=\"async\" src=\"http:\/\/aconteceunovale.com.br\/portal\/wp-content\/uploads\/2014\/11\/acidente_381_24_1.jpg\" alt=\"\" \/><em>Cabine do ve\u00edculo ficou completamente destru\u00edda &#8211; Foto: Silvio Andrade\/DeFato<\/em><br \/>\n<\/br><\/p>\n<p>Militares do 4\u00b0 Pelot\u00e3o do Corpo de Bombeiros, sediado em Itabira, volunt\u00e1rios socorristas do Gave, de Nova Era e o Sevor, de Jo\u00e3o Monlevade tamb\u00e9m estiveram no local para auxiliar na retirada do corpo das ferragens. Segundo o militar respons\u00e1vel, o acidente j\u00e1 era o segundo em menos de cinco horas.<\/p>\n<p>O tr\u00e2nsito no local ficou lento devido aos ve\u00edculos de socorros parados na via. A Perita Criminal da Pol\u00edcia Civil, Margarete Le\u00e3o, esteve no local e ap\u00f3s os trabalhos t\u00e9cnicos liberou o corpo para uma funer\u00e1ria e levado para o necrot\u00e9rio do Cemit\u00e9rio do Ba\u00fa, em Jo\u00e3o Monlevade.<\/p>\n<p><img decoding=\"async\" src=\"http:\/\/aconteceunovale.com.br\/portal\/wp-content\/uploads\/2014\/11\/acidente_381_24_2.jpg\" alt=\"\" \/><em>Ve\u00edculo estava carregado com material para confec\u00e7\u00e3o de fraldas &#8211; Foto: Silvio Andrade\/DeFato<\/em><br \/>\n<\/br><\/p>\n<p><strong><em>(DeFato Online)<\/em><\/strong><\/p>\n","protected":false},"excerpt":{"rendered":"<p>Um caminhoneiro de 33 anos morreu na noite de ontem, 23 de novembro, em um acidente na altura do Km 342 da BR-381, em Bela Vista de Minas. O condutor, Wendy Pereira dos Santos, teria perdido o controle do caminh\u00e3o em uma curva. Ele seguia com o ve\u00edculo, com placa de Vit\u00f3ria da Conquista, na [&hellip;]<\/p>\n","protected":false},"author":1,"featured_media":46305,"comment_status":"open","ping_status":"closed","sticky":false,"template":"","format":"standard","meta":{"amp_status":"","footnotes":""},"categories":[123],"tags":[1726,194,24210,202,1102,1103,2842,24211],"class_list":["post-46304","post","type-post","status-publish","format-standard","has-post-thumbnail","hentry","category-gerais","tag-bela-vista-de-minas","tag-belo-horizonte","tag-caminhoneiro-morre-em-acidente-na-br-381","tag-itabira","tag-joao-monlevade","tag-nova-era","tag-vitoria-da-conquista","tag-wendy-pereira-dos-santos"],"_links":{"self":[{"href":"https:\/\/aconteceunovale.com.br\/portal\/index.php?rest_route=\/wp\/v2\/posts\/46304","targetHints":{"allow":["GET"]}}],"collection":[{"href":"https:\/\/aconteceunovale.com.br\/portal\/index.php?rest_route=\/wp\/v2\/posts"}],"about":[{"href":"https:\/\/aconteceunovale.com.br\/portal\/index.php?rest_route=\/wp\/v2\/types\/post"}],"author":[{"embeddable":true,"href":"https:\/\/aconteceunovale.com.br\/portal\/index.php?rest_route=\/wp\/v2\/users\/1"}],"replies":[{"embeddable":true,"href":"https:\/\/aconteceunovale.com.br\/portal\/index.php?rest_route=%2Fwp%2Fv2%2Fcomments&post=46304"}],"version-history":[{"count":0,"href":"https:\/\/aconteceunovale.com.br\/portal\/index.php?rest_route=\/wp\/v2\/posts\/46304\/revisions"}],"wp:featuredmedia":[{"embeddable":true,"href":"https:\/\/aconteceunovale.com.br\/portal\/index.php?rest_route=\/wp\/v2\/media\/46305"}],"wp:attachment":[{"href":"https:\/\/aconteceunovale.com.br\/portal\/index.php?rest_route=%2Fwp%2Fv2%2Fmedia&parent=46304"}],"wp:term":[{"taxonomy":"category","embeddable":true,"href":"https:\/\/aconteceunovale.com.br\/portal\/index.php?rest_route=%2Fwp%2Fv2%2Fcategories&post=46304"},{"taxonomy":"post_tag","embeddable":true,"href":"https:\/\/aconteceunovale.com.br\/portal\/index.php?rest_route=%2Fwp%2Fv2%2Ftags&post=46304"}],"curies":[{"name":"wp","href":"https:\/\/api.w.org\/{rel}","templated":true}]}}