{"id":46297,"date":"2014-11-24T16:11:16","date_gmt":"2014-11-24T19:11:16","guid":{"rendered":"http:\/\/aconteceunovale.com.br\/portal\/?p=46297"},"modified":"2014-11-24T16:11:16","modified_gmt":"2014-11-24T19:11:16","slug":"crea-minas-define-os-finalistas-para-a-feicintec","status":"publish","type":"post","link":"https:\/\/aconteceunovale.com.br\/portal\/?p=46297","title":{"rendered":"Crea-Minas define os finalistas para a Feicintec"},"content":{"rendered":"<h4><strong><em>Dos 40 trabalhos que ser\u00e3o apresentados na Feira, realizada em Belo Horizonte, em dezembro, cinco s\u00e3o de Montes Claros.<\/em><\/strong><\/h4>\n<p>O Conselho Regional de Engenharia e Agronomia de Minas Gerais (Crea-Minas) selecionou 40 trabalhos para a etapa final da segunda edi\u00e7\u00e3o da Feira de Ci\u00eancias e Inova\u00e7\u00f5es Tecnol\u00f3gicas (Feicintec), que ser\u00e1 realizada nos dias 10 e 11 de dezembro de 2014, na sede do Conselho, em Belo Horizonte. Os finalistas s\u00e3o de diversas cidades, com um maior n\u00famero de trabalhos em Belo Horizonte (seis), seguida por Montes Claros (cinco), Norte de Minas, e Santa Rita do Sapuca\u00ed (quatro), Sul de Minas. A modalidade mais disputada \u00e9 a el\u00e9trica\/eletr\u00f4nica, com 18 representantes. Foram mais de 130 projetos inscritos que abrangem as \u00e1reas de engenharia, agronomia, geologia, geografia e meteorologia, vindos de todas as regi\u00f5es do Estado.<\/p>\n<p>Os trabalhos foram analisados internamente por uma comiss\u00e3o avaliadora com base no relat\u00f3rio de cada um dos trabalhos, considerando resultados qualitativos e quantitativos. Na etapa final, tr\u00eas professores da comiss\u00e3o avaliadora e tr\u00eas profissionais vinculados ao Crea-Minas ser\u00e3o designados para avaliar e pontuar os trabalhos. Os dez primeiros colocados ser\u00e3o premiados com valores entre R$ 2 mil e R$ 12 mil.<\/p>\n<p>Com o foco em inova\u00e7\u00e3o tecnol\u00f3gica, a Feicintec tem como objetivos incentivar a cria\u00e7\u00e3o, o planejamento e a execu\u00e7\u00e3o de projetos, al\u00e9m de despertar novas voca\u00e7\u00f5es em estudantes de cursos da \u00e1rea tecnol\u00f3gica. Com a iniciativa, o Crea-Minas pretende estreitar ainda mais os la\u00e7os com as Institui\u00e7\u00f5es de Ensino, estudantes, profissionais e a sociedade. A primeira edi\u00e7\u00e3o realizada em 2013 contou com a participa\u00e7\u00e3o de 571 estudantes de 54 institui\u00e7\u00f5es de ensino.<\/p>\n<p>Confira a lista completa dos selecionados:<\/p>\n<p>Otimiza\u00e7\u00e3o da produ\u00e7\u00e3o de combust\u00edvel alternativo de uma unidade de valoriza\u00e7\u00e3o energ\u00e9tica<br \/>\nEngenharia Qu\u00edmica &#8211; Centro Universit\u00e1rio Izabela Hendrix<br \/>\nRegional Belo Horizonte<br \/>\nOrientador: Jeferson In\u00e1cio Lopes<br \/>\nThiago Henrique<\/p>\n<p>Dispositivo para ensaio da resist\u00eancia mec\u00e2nica de chapas unidas por soldagem por pontos<br \/>\nEngenharia Mec\u00e2nica &#8211; Universidade Federal de Minas Gerais<br \/>\nRegional Belo Horizonte<br \/>\nOrientador: Alexandre Queiroz Bracarense<br \/>\nBruno Silva Cota<br \/>\nCarolina Martins Abreu<br \/>\nAquila Capeli Caldeira Pereira<\/p>\n<p>Sensor de Obst\u00e1culos A\u00e9reos<br \/>\nEngenharia Mec\u00e2nica\/Metal\u00fargica &#8211; Universidade Federal de Minas Gerais<br \/>\nRegional Belo Horizonte<br \/>\nOrientador: Marcus Vinicius Bortolus<br \/>\nSuelen Tompson Souza<br \/>\nEmanuel Reis de Melo<\/p>\n<p>Sistema de regulagem autom\u00e1tica para espelhos retrovisores de ve\u00edculos articulados<br \/>\nEngenharia Mec\u00e2nica \u2013 Anhanguera<br \/>\nRegional Belo Horizonte<br \/>\nOrientador: Igor Batista<br \/>\nGabriel Hamdan Ferreira<\/p>\n<p>Agrega\u00e7\u00e3o de valor econ\u00f4mico em produtos da reciclagem met\u00e1lica do alum\u00ednio junto as Associa\u00e7\u00f5es dos Catadores de Belo Horizonte para atender demandas das ind\u00fastrias de transforma\u00e7\u00e3o ligadas aos setores da constru\u00e7\u00e3o civil e metal-mec\u00e2nica.<br \/>\nEngenharia Qu\u00edmica &#8211; Centro Federal de Educa\u00e7\u00e3o Tecnol\u00f3gica de Minas Gerais<br \/>\nRegional Belo Horizonte<br \/>\nOrientador: Sidney Nicodemos da Silva<br \/>\nMatheus Brant Vilanova<br \/>\nCristina Aparecida Mendes<br \/>\nMichellie Lorena Torres<\/p>\n<p>Implementa\u00e7\u00e3o de controle de ilumina\u00e7\u00e3o com comunica\u00e7\u00e3o sem fio via smartphone<br \/>\nEngenharia El\u00e9trica\/ Eletr\u00f4nica &#8211; Universidade Federal de Minas Gerais<br \/>\nRegional Belo Horizonte<br \/>\nOrientador: Lenin Martins Ferreira Morais<br \/>\nLeandro Borges Ferreira<\/p>\n<p>Sistema de reconhecimento autom\u00e1tico de ve\u00edculos furtados<br \/>\nEngenharia El\u00e9trica\/ Eletr\u00f4nica\/ Eletricista &#8211; Centro Federal de Educa\u00e7\u00e3o Tecnol\u00f3gica de Minas Gerais<br \/>\nRegional Centro-Oeste &#8211; Divin\u00f3polis<br \/>\nOrientador: Alan Mendes Marotta<br \/>\nGuilherme Menezes Costa<br \/>\nGuilherme Gazzinelli Rohrmann<\/p>\n<p>Aplica\u00e7\u00e3o do sistema de gest\u00e3o da confiabilidade via web em uma frota veicular<br \/>\nEngenharia Mec\u00e2nica\/ Metal\u00fargica &#8211; Universidade de Ita\u00fana<br \/>\nRegional Centro-Oeste &#8211; Ita\u00fana<br \/>\nOrientador: Marlon Ant\u00f4nio Pinheiro<br \/>\nGeraldo do Carmo Santos Oliveira<\/p>\n<p>Projeto Grande Minas \u2013 Uni\u00e3o pelas \u00c1guas: o zoneamento ambiental como instrumento de planejamento e gest\u00e3o de recursos h\u00eddricos em uma bacia hidrogr\u00e1fica<br \/>\nEngenharia Civil &#8211; Funda\u00e7\u00e3o de Ensino Superior de Passos<br \/>\nRegional Centro-Oeste &#8211; Passos<br \/>\nOrientador: Eduardo Goulart Collares<br \/>\nAna Cl\u00e1udia Pereira Carvalho<br \/>\nAna Paula Pereira Carvalho<br \/>\nThais Cristina Souza Lima<\/p>\n<p>Aplica\u00e7\u00e3o de res\u00edduos agr\u00edcolas em estruturas de concreto<br \/>\nEngenharia Civil &#8211; Universidade do Estado de Minas Gerais, Divin\u00f3polis<br \/>\nRegional Centro-Oeste &#8211; Divin\u00f3polis<br \/>\nOrientador: Tiago de Morais Faria Novais<br \/>\nJ\u00e9ssica Guimar\u00e3es Ferreira<br \/>\nEnzio Severino Junior<br \/>\nNath\u00e1lia Xavier da Fonseca<\/p>\n<p>Tecnologias para a gest\u00e3o integrada e sustent\u00e1vel de res\u00edduos org\u00e2nicos.<br \/>\nEngenharia Qu\u00edmica &#8211; Universidade Federal de S\u00e3o Jo\u00e3o del Rei<br \/>\nRegional Metropolitana &#8211; Ouro Branco<br \/>\nOrientador: Bruno Meireles Xavier<br \/>\nGabrielle P\u00e2mela Silva Pinto<br \/>\nIgor Andrade Figueiredo de Souza<br \/>\nS\u00edlvia Natalia Guimar\u00e3es Lima<\/p>\n<p>Controle do coeficiente de in\u00e9rcia de turbinas e\u00f3licas<br \/>\nEngenharia El\u00e9trica\/ Eletr\u00f4nica\/ Eletricista &#8211; Faculdade Presidente Ant\u00f4nio Carlos<br \/>\nRegional Metropolitana &#8211; Conselheiro Lafaiete<br \/>\nOrientador: Thulio Marcus Marcenes de Souza<br \/>\nMarcell Magalh\u00e3es de Oliveira<br \/>\nEnemilce de Lourdes Rocha Silve Viega<\/p>\n<p>Contamina\u00e7\u00e3o e detec\u00e7\u00e3o de material org\u00e2nico por m\u00e9todo da eletrorresistividade<br \/>\nEngenharia de Minas e Geologia &#8211; Universidade Federal dos Veles do Jequitinhonha e Mucuri<br \/>\nRegional Nordeste &#8211; Teoflio Otoni<br \/>\nOrientador: Carlos Henrique Alexandrino<br \/>\nRafael Miquel\u00e3o Gottardi<br \/>\nJefferson Batemarque Gomes<br \/>\nPaulo Henrique Gomes Silva<br \/>\nIsrael C\u00e9sar Santana J\u00fanior<\/p>\n<p>Estudo da qualidade dos tijolos produzidos em olarias do Vale do Mucuri &#8211; MG<br \/>\nEngenharia Civil &#8211; Universidade Federal dos Vales do Jequitinhonha e Mucuri<br \/>\nRegional Nordeste &#8211; Teoflio Otoni<br \/>\nOrientador: St\u00eanio Cavalier Cabral<br \/>\nHianne Leite Ribeiro<\/p>\n<p>???Lixeira de coleta seletiva automatizada<br \/>\nEngenharia de Produ\u00e7\u00e3o &#8211; Instituto Federal de Educa\u00e7\u00e3o, Ci\u00eancia e Tecnologia de Minas Gerais, Campus Governador Valadares<br \/>\nRegional Nordeste \u2013 Governador Valadares<br \/>\nOrientador: Marcelo Silva Filgueiras<br \/>\nErick Fonseca Boaventura<\/p>\n<p>Caracteriza\u00e7\u00e3o do perfil vegetativo prop\u00edcio a queima pelo processo de indu\u00e7\u00e3o por \u00e1rvore de decis\u00e3o a partir de dados orbitais do sensor MODIS<br \/>\nAgronomia &#8211; Universidade Federal de Minas Gerais<br \/>\nRegional Norte &#8211; Montes Claros<br \/>\nOrientadora: Cristina Rodrigues Nascimento<br \/>\nJonathan da Rocha Miranda<\/p>\n<p>Controle de dispositivos por ondas cerebrais<br \/>\nEngenharia El\u00e9trica\/ Eletr\u00f4nica\/ Eletricista &#8211; Faculdades Santo Agostinho<br \/>\nRegional Norte &#8211; Montes Claros<br \/>\nOrientador: Edmar Alves Cosme<br \/>\nAlan C\u00e2ndido de Souza<br \/>\nLaura Rodrigues Vieira<br \/>\nAur\u00e9lio Oliveira de S\u00e1<\/p>\n<p>CRM &#8211; controle e reabilita\u00e7\u00e3o motora de membros superiores e inferiores<br \/>\nEngenharia El\u00e9trica\/ Eletr\u00f4nica\/ Eletricista &#8211; Faculdade de Ci\u00eancias e Tecnologia de Montes Claros (Facit)<br \/>\nRegional Norte \u2013 Montes Claros<br \/>\nOrientador: Murilo Pereira Lopes<br \/>\nLucas Teixeira Moura Soares<br \/>\nYuri Adan Gon\u00e7alves Cordovil<\/p>\n<p>Desenvolvimento e caracteriza\u00e7\u00e3o f\u00edsico-qu\u00edmica, sensorial e microbiol\u00f3gica de geleia de casca de abacaxi adicionada de diferentes n\u00edveis de okara<br \/>\nEngenharia Qu\u00edmica &#8211; Universidade Federal dos Vales do Jequitinhonha e Mucuri<br \/>\nRegional Norte &#8211; Diamantina<br \/>\nOrientadora: Poliana Mendes de Souza<br \/>\nDanielle Cristine Mota Ferreira<\/p>\n<p>Estimulador de ondas cerebrais atrav\u00e9s de batimento binaural e fotoestimula\u00e7\u00e3o com finalidade de auxiliar no desenvolvimento de pesquisas para o tratamento de dist\u00farbios mentais<br \/>\nEngenharia El\u00e9trica\/ Eletr\u00f4nica\/ Eletricista &#8211; Faculdade de Ci\u00eancia e Tecnologia de Montes Claros (Facit)<br \/>\nRegional Norte &#8211; Montes Claros<br \/>\nOrientador: Haroldo de Morais Lopes<br \/>\nMadson Henrique Souza Dias<\/p>\n<p>Hidroponia vertical na produ\u00e7\u00e3o de alface<br \/>\nAgronomia &#8211; Universidade Federal de Minas Gerais<br \/>\nRegional Norte &#8211; Montes Claros<br \/>\nOrientador: Ernane Ronie Martins<br \/>\nKaroline Paulino Costa<br \/>\nDaniel Souza Dias<\/p>\n<p>Carneiro Hidr\u00e1ulico de PVC<br \/>\nAgronomia &#8211; Instituto Federal de Educa\u00e7\u00e3o, Ci\u00eancia e Tecnologia do Tri\u00e2ngulo Mineiro, Campus Uberaba<br \/>\nRegional Rio Grande &#8211; Uberaba<br \/>\nOrientador: Antonio Carlos Barreto<br \/>\nRodrigo de Morais Borges<br \/>\nOn\u00e9sio Francisco da Silva Neto<br \/>\nAna Fl\u00e1via Oliveira<br \/>\nBruna Fukumoto Kobayashi<\/p>\n<p>Metodologia para viabiliza\u00e7\u00e3o do uso de parasitoides do g\u00eanero Trichogramma no controle biol\u00f3gico de pragas na agricultura<br \/>\nAgronomia &#8211; Instituto Federal do Tri\u00e2ngulo Mineiro<br \/>\nRegional Rio Grande &#8211; Uberaba<br \/>\nOrientador: Robson Thomaz Thuler<br \/>\nSandy Spineli Silva<br \/>\nPriscila Pereira Cavalcanti<br \/>\nJos\u00e9 Carlos Mazetto J\u00fanior<\/p>\n<p>Os dispositivos de drenagem como elucida\u00e7\u00e3o aos acidentes ocasionados por aquaplanagem na BR 050: um estudo de caso entre Uberaba e Uberl\u00e2ndia.<br \/>\nEngenharia Civil &#8211; Universidade de Uberaba (Uniube)<br \/>\nRegional Rio Grande &#8211; Uberaba<br \/>\nOrientador: Luis Cesar de Oliveira<br \/>\nJ\u00e9ssica Carolina Alves da Silva<br \/>\nNatalia Harumi Nishicava<\/p>\n<p>Mostrador eletr\u00f4nico em braille para smart grid<br \/>\nEngenharia El\u00e9trica\/ Eletr\u00f4nica\/ Eletricista &#8211; Universidade Federal de Juiz de Fora (UFJF)<br \/>\nRegional Sudeste &#8211; Juiz de Fora<br \/>\nOrientador: Fabr\u00edcio Pablo Virg\u00ednio de Campos<br \/>\nDiogo Fernandes<br \/>\nThiago Campos Paschoalin<br \/>\nCaique Rocha Miranda<\/p>\n<p>Projeto Olhos de \u00c1guia: Mapeamento A\u00e9reo Por Meio de VANT Radiocontrolado.<br \/>\nEngenharia Mec\u00e2nica\/ Metal\u00fargica &#8211; Universidade Federal de S\u00e3o Jo\u00e3o del-Rei<br \/>\nRegional Sudeste &#8211; S\u00e3o Jo\u00e3o del-Rei<br \/>\nOrientador: Dimas Jos\u00e9 de Resende<br \/>\nGuilherme Resende de Miranda<br \/>\nMatheus Laini Garcia<br \/>\nJodana Maria de Mendon\u00e7a Abdalla<\/p>\n<p>Pe\u00e7a agora<br \/>\nEngenharia Mec\u00e2nica\/ Metal\u00fargica &#8211; Universidade Federal de Juiz de Fora<br \/>\nRegional Sudeste &#8211; Juiz de Fora<br \/>\nOrientador: Luiz Henrique Dias Alves<br \/>\nFelipe Lima Bronte<br \/>\nFrederico Souza Picorelli Assis<br \/>\nNuno Filipe Balhau Pires<\/p>\n<p>Controle remoto via Bluetooth<br \/>\nEngenharia El\u00e9trica\/ Eletr\u00f4nica\/ Eletricista &#8211; Pontif\u00edcia Universidade Cat\u00f3lica de Minas Gerais (PUC-Minas)<br \/>\nRegional Sul &#8211; Po\u00e7os de Caldas<br \/>\nOrientador: Celso Iwata Frison<br \/>\nThiago de Andrade Bragagnolle<br \/>\nThalles Gon\u00e7alves Teixeira dos Santos<\/p>\n<p>Aro magn\u00e9tico para aparelhos auditivos e medidor de imped\u00e2ncia para aro magn\u00e9tico<br \/>\nEngenharia El\u00e9trica\/ Eletr\u00f4nica\/ Eletricista &#8211; Instituto Nacional de Telecomunica\u00e7\u00f5es (Inatel)<br \/>\nRegional Sul &#8211; Santa Rita do Sapuca\u00ed<br \/>\nOrientador: Rinaldo Duarte Teixeira de Carvalho<br \/>\nIsabel Francine Mendes<br \/>\nFilipe Loyola Lopes<br \/>\nDiogo Duarte Bernardes<\/p>\n<p>Dispositivo antifurto half-duplex utilizando comunica\u00e7\u00e3o zigbee<br \/>\nEngenharia El\u00e9trica\/ Eletr\u00f4nica\/ Eletricista &#8211; Pontif\u00edcia Universidade Cat\u00f3lica de Minas Gerais (PUC-Minas)<br \/>\nRegional Sul &#8211; Po\u00e7os de Caldas<br \/>\nOrientador: Celso Iwata Frison<br \/>\nCassiano Augusto Pereira Martins<\/p>\n<p>C.O.D. (Cadeira Ortost\u00e1tica Din\u00e2mica) \u2013 desenvolvimento de um novo m\u00e9todo de levantamento e locomo\u00e7\u00e3o de portadores de defici\u00eancia f\u00edsica e motora<br \/>\nEngenharia El\u00e9trica\/ Eletr\u00f4nica\/ Eletricista &#8211; Instituto Nacional de Telecomunica\u00e7\u00f5es (Inatel)<br \/>\nRegional Sul &#8211; Santa Rita do Sapuca\u00ed<br \/>\nOrientadora: Ana Let\u00edcia Gomes Gon\u00e7alves<br \/>\nWalef Robert Ivo Carvalho<\/p>\n<p>Exlong &#8211; Exterminador de mosquito<br \/>\nEngenharia El\u00e9trica\/ Eletr\u00f4nica\/ Eletricista &#8211; Instituto Nacional de Telecomunica\u00e7\u00f5es (Inatel)<br \/>\nRegional Sul &#8211; Santa Rita do Sapuca\u00ed<br \/>\nOrientador: Diego Aparecido Lemes<br \/>\nJohny francisco da Silva<br \/>\nDanilo Silveira da Costa<br \/>\nIgor Lennom da Silva Melo<\/p>\n<p>Colch\u00e3o Syncrus<br \/>\nEngenharia El\u00e9trica\/ Eletr\u00f4nica &#8211; Instituto Nacional de Telecomunica\u00e7\u00f5es (Inatel)<br \/>\nRegional Sul &#8211; Santa Rita do Sapuca\u00ed<br \/>\nOrientador: Pedro Sergio Monti<br \/>\nDorival Jonas Cabral<br \/>\nRenata de Oliveira<\/p>\n<p>Estudo e desenvolvimento de tecnologias assistivas ao portador de mobilidade reduzida<br \/>\nEngenharia El\u00e9trica\/ Eletr\u00f4nica\/ Eletricista \u2013 Universidade do Estado de Minas Gerais<br \/>\nRegional Tri\u00e2ngulo &#8211; Ituiutaba<br \/>\nOrientador: Saulo de Moraes Garcia Junior<br \/>\nFlavio Antonio Rodrigues Junior<br \/>\nCristino DIvino de Freitas Junior<\/p>\n<p>Tijolo de Papel e Cimento<br \/>\nEngenharia Civil &#8211; Instituto Tecnol\u00f3gico de Caratinga (ITC)<br \/>\nRegional Vale do A\u00e7o &#8211; Caratinga<br \/>\nOrientador: Ricardo Botelho Campos<br \/>\nJ\u00e9ssica Cristina Pires Lopes<br \/>\nSabrina Kelly Mota Gon\u00e7alves<\/p>\n<p>Posicionador Autom\u00e1tico de Energia Solar &#8211; PAES<br \/>\nEngenharia El\u00e9trica\/ Eletr\u00f4nica\/ Eletricista &#8211; Faculdade Pit\u00e1goras<br \/>\nRegional Vale do A\u00e7o &#8211; Ipatinga<br \/>\nOrientador: Alceb\u00edades Fernando de Oliveira Trindade<br \/>\nLucas Gomes Martins<br \/>\nThiago Gon\u00e7alves Sousa<br \/>\nPedro Gon\u00e7alves dos Reis<\/p>\n<p>Trava &#038; Destrava M\u00f3vel<br \/>\nEngenharia El\u00e9trica\/ Eletr\u00f4nica\/ Eletricista &#8211; Col\u00e9gio Padre de Man<br \/>\nRegional Vale do A\u00e7o &#8211; Coronel Fabriciano<br \/>\nOrientador: Alcebiades Fernando de Oliveira Trindade<br \/>\nGabriel Barros Marendino<br \/>\nKailler de Paula Amaral<br \/>\nBruno Pacheco de Souza<\/p>\n<p>Bra\u00e7o manipulador remoto replicador para atividades perigosas?<br \/>\nEngenharia Mec\u00e2nica &#8211; Centro Universit\u00e1rio do Sul de Minas &#8211; Unis-MG<br \/>\nRegional Centro-Sul &#8211; Varginha<br \/>\nOrientador: Alexandre de Oliveira Lopes?<br \/>\nEldrick D&#8217; MartinsMike Gomes de Moura<br \/>\nWagner Roberto da Silva<br \/>\nPaulo Carvalho Souza<br \/>\nOrlando Junior Leonel Martins?<\/p>\n<p>Viabilidade econ\u00f4mica do GLP em fornos el\u00e9tricos<br \/>\nEngenharia El\u00e9trica\/ Eletr\u00f4nica\/ Eletricista? -? Centro Universit\u00e1rio do Sul de Minas &#8211; Unis-MG<br \/>\nRegional Centro-Sul &#8211; Varginha<br \/>\nOrientador: Hugo Rodrigues Vieira?<br \/>\nFabr\u00edcio Morales de Oliveira<br \/>\nHenrique Silva Vilela<br \/>\nJose Ant\u00f4nio de Almeida<br \/>\nAnt\u00f4nio Henrique de Souza<br \/>\nElber Tavares de Oliveira<\/p>\n<p>Tecnologia na produ\u00e7\u00e3o de fibrocimento com res\u00edduos provenientes da queima filtrada de pneus em reator pirol\u00edtico?<br \/>\nEngenharia Civil &#8211; Universidade Federal de Lavras?<br \/>\nRegional Centro-Sul &#8211; Lavras<br \/>\nOrientador: Giovanni Francisco Rabelo<br \/>\nDavid Cardoso Dourado??<\/p>\n","protected":false},"excerpt":{"rendered":"<p>Dos 40 trabalhos que ser\u00e3o apresentados na Feira, realizada em Belo Horizonte, em dezembro, cinco s\u00e3o de Montes Claros. O Conselho Regional de Engenharia e Agronomia de Minas Gerais (Crea-Minas) selecionou 40 trabalhos para a etapa final da segunda edi\u00e7\u00e3o da Feira de Ci\u00eancias e Inova\u00e7\u00f5es Tecnol\u00f3gicas (Feicintec), que ser\u00e1 realizada nos dias 10 e [&hellip;]<\/p>\n","protected":false},"author":1,"featured_media":46299,"comment_status":"open","ping_status":"closed","sticky":false,"template":"","format":"standard","meta":{"amp_status":"","footnotes":""},"categories":[123],"tags":[24179,24169,24174,24172,24194,194,24203,24196,24180,24187,24164,24198,24161,24177,24181,24176,24193,465,24160,24157,24182,24183,24195,24165,24185,24178,24199,24197,24158,24162,24186,24170,24159,24188,210,24190,24189,24163,24192,24201,24173,24191,9546,24167,24184,24171,24168,24205,24175,24200,24202,24166,24204],"class_list":["post-46297","post","type-post","status-publish","format-standard","has-post-thumbnail","hentry","category-gerais","tag-lixeira-de-coleta-seletiva-automatizada","tag-agregacao-de-valor-economico-em-produtos-da-reciclagem-metalica-do-aluminio-junto-as-associacoes-dos-catadores-de-belo-horizonte-para-atender-demandas-das-industrias-de-transformacao-ligadas-aos-setor","tag-aplicacao-de-residuos-agricolas-em-estruturas-de-concreto","tag-aplicacao-do-sistema-de-gestao-da-confiabilidade-via-web-em-uma-frota-veicular","tag-aro-magnetico-para-aparelhos-auditivos-e-medidor-de-impedancia-para-aro-magnetico","tag-belo-horizonte","tag-braco-manipulador-remoto-replicador-para-atividades-perigosas","tag-c-o-d-cadeira-ortostatica-dinamica-desenvolvimento-de-um-novo-metodo-de-levantamento-e-locomocao-de-portadores-de-deficiencia-fisica-e-motora","tag-caracterizacao-do-perfil-vegetativo-propicio-a-queima-pelo-processo-de-inducao-por-arvore-de-decisao-a-partir-de-dados-orbitais-do-sensor-modis","tag-carneiro-hidraulico-de-pvc","tag-centro-universitario-izabela-hendrix","tag-colchao-syncrus","tag-conselho-regional-de-engenharia-e-agronomia-de-minas-gerais","tag-contaminacao-e-deteccao-de-material-organico-por-metodo-da-eletrorresistividade","tag-controle-de-dispositivos-por-ondas-cerebrais","tag-controle-do-coeficiente-de-inercia-de-turbinas-eolicas","tag-controle-remoto-via-bluetooth","tag-crea-minas","tag-crea-minas-define-os-finalistas-para-a-feicintec","tag-crea-minas-define-os-finalistas-para-feicintec","tag-crm-controle-e-reabilitacao-motora-de-membros-superiores-e-inferiores","tag-desenvolvimento-e-caracterizacao-fisico-quimica","tag-dispositivo-antifurto-half-duplex-utilizando-comunicacao-zigbee","tag-dispositivo-para-ensaio-da-resistencia-mecanica-de-chapas-unidas-por-soldagem-por-pontos","tag-estimulador-de-ondas-cerebrais-atraves-de-batimento-binaural-e-fotoestimulacao-com-finalidade-de-auxiliar-no-desenvolvimento-de-pesquisas-para-o-tratamento-de-disturbios-mentais","tag-estudo-da-qualidade-dos-tijolos-produzidos-em-olarias-do-vale-do-mucuri","tag-estudo-e-desenvolvimento-de-tecnologias-assistivas-ao-portador-de-mobilidade-reduzida","tag-exlong-exterminador-de-mosquito","tag-feicintec","tag-feira-de-ciencias-e-inovacoes-tecnologicas","tag-hidroponia-vertical-na-producao-de-alface","tag-implementacao-de-controle-de-iluminacao-com-comunicacao-sem-fio-via-smartphone","tag-inalistas-para-feicintec","tag-metodologia-para-viabilizacao-do-uso-de-parasitoides-do-genero-trichogramma-no-controle-biologico-de-pragas-na-agricultura-agronomia-instituto-federal-do-triangulo-mineiro","tag-montes-claros","tag-mostrador-eletronico-em-braille-para-smart-grid","tag-os-dispositivos-de-drenagem-como-elucidacao-aos-acidentes-ocasionados-por-aquaplanagem-na-br-050-um-estudo-de-caso-entre-uberaba-e-uberlandia","tag-otimizacao-da-producao-de-combustivel-alternativo-de-uma-unidade-de-valorizacao-energetica","tag-peca-agora","tag-posicionador-automatico-de-energia-solar-paes","tag-projeto-grande-minas-uniao-pelas-aguas-o-zoneamento-ambiental-como-instrumento-de-planejamento-e-gestao-de-recursos","tag-projeto-olhos-de-aguia-mapeamento-aereo-por-meio-de-vant-radiocontrolado","tag-santa-rita-do-sapucai","tag-sensor-de-obstaculos-aereos","tag-sensorial-e-microbiologica-de-geleia-de-casca-de-abacaxi-adicionada-de-diferentes-niveis-de-okara","tag-sistema-de-reconhecimento-automatico-de-veiculos-furtados","tag-sistema-de-regulagem-automatica-para-espelhos-retrovisores-de-veiculos-articulados","tag-tecnologia-na-producao-de-fibrocimento-com-residuos-provenientes-da-queima-filtrada-de-pneus-em-reator-pirolitico-engenharia-civil-universidade-federal-de-lavras","tag-tecnologias-para-a-gestao-integrada-e-sustentavel-de-residuos-organicos","tag-tijolo-de-papel-e-cimento","tag-trava-destrava-movel","tag-universidade-federal-de-minas-gerais","tag-viabilidade-economica-do-glp-em-fornos-eletricos"],"_links":{"self":[{"href":"https:\/\/aconteceunovale.com.br\/portal\/index.php?rest_route=\/wp\/v2\/posts\/46297","targetHints":{"allow":["GET"]}}],"collection":[{"href":"https:\/\/aconteceunovale.com.br\/portal\/index.php?rest_route=\/wp\/v2\/posts"}],"about":[{"href":"https:\/\/aconteceunovale.com.br\/portal\/index.php?rest_route=\/wp\/v2\/types\/post"}],"author":[{"embeddable":true,"href":"https:\/\/aconteceunovale.com.br\/portal\/index.php?rest_route=\/wp\/v2\/users\/1"}],"replies":[{"embeddable":true,"href":"https:\/\/aconteceunovale.com.br\/portal\/index.php?rest_route=%2Fwp%2Fv2%2Fcomments&post=46297"}],"version-history":[{"count":0,"href":"https:\/\/aconteceunovale.com.br\/portal\/index.php?rest_route=\/wp\/v2\/posts\/46297\/revisions"}],"wp:featuredmedia":[{"embeddable":true,"href":"https:\/\/aconteceunovale.com.br\/portal\/index.php?rest_route=\/wp\/v2\/media\/46299"}],"wp:attachment":[{"href":"https:\/\/aconteceunovale.com.br\/portal\/index.php?rest_route=%2Fwp%2Fv2%2Fmedia&parent=46297"}],"wp:term":[{"taxonomy":"category","embeddable":true,"href":"https:\/\/aconteceunovale.com.br\/portal\/index.php?rest_route=%2Fwp%2Fv2%2Fcategories&post=46297"},{"taxonomy":"post_tag","embeddable":true,"href":"https:\/\/aconteceunovale.com.br\/portal\/index.php?rest_route=%2Fwp%2Fv2%2Ftags&post=46297"}],"curies":[{"name":"wp","href":"https:\/\/api.w.org\/{rel}","templated":true}]}}