{"id":46265,"date":"2014-11-24T12:12:50","date_gmt":"2014-11-24T15:12:50","guid":{"rendered":"http:\/\/aconteceunovale.com.br\/portal\/?p=46265"},"modified":"2014-11-24T12:12:50","modified_gmt":"2014-11-24T15:12:50","slug":"campanha-de-vacinacao-contra-a-polio-e-o-sarampo-sera-encerrada-nesta-semana","status":"publish","type":"post","link":"https:\/\/aconteceunovale.com.br\/portal\/?p=46265","title":{"rendered":"Campanha de vacina\u00e7\u00e3o contra a p\u00f3lio e o sarampo ser\u00e1 encerrada nesta semana"},"content":{"rendered":"<p>A campanha de vacina\u00e7\u00e3o contra o sarampo e a poliomielite acaba na pr\u00f3xima sexta-feira (28). A imuniza\u00e7\u00e3o come\u00e7ou no dia 8 de novembro em todo o pa\u00eds.<\/p>\n<p>Dados do Minist\u00e9rio da Sa\u00fade mostram que, at\u00e9 o momento, 6,4 milh\u00f5es de crian\u00e7as receberam a dose contra a p\u00f3lio, o que representa 50,4% da meta estabelecida. No caso do sarampo, 5,1 milh\u00f5es de crian\u00e7as foram vacinadas \u2013 cerca de 48,1% do p\u00fablico-alvo.<\/p>\n<p>A meta do governo \u00e9 imunizar 12,7 milh\u00f5es de crian\u00e7as contra a p\u00f3lio e 10,6 milh\u00f5es contra o sarampo. Devem tomar a vacina contra a p\u00f3lio crian\u00e7as entre 6 meses e 5 anos incompletos. A recomenda\u00e7\u00e3o \u00e9 que todas as crian\u00e7as nessa faixa et\u00e1ria sejam imunizadas, j\u00e1 que a dose vale tanto para colocar em dia a vacina\u00e7\u00e3o atrasada quanto para refor\u00e7ar a de quem est\u00e1 com o calend\u00e1rio em dia.<\/p>\n<p>No caso do sarampo, a vacina\u00e7\u00e3o ser\u00e1 feita em crian\u00e7as entre 1 e 5 anos incompletos. Cerca de 10 milh\u00f5es de crian\u00e7as devem ser imunizadas com a tr\u00edplice viral, que tamb\u00e9m protege contra a rub\u00e9ola e a caxumba. Para crian\u00e7as com alergia ao leite de vaca, a vacina\u00e7\u00e3o ser\u00e1 feita posteriormente.<\/p>\n<p>A campanha conta com a participa\u00e7\u00e3o de mais de 350 mil profissionais de sa\u00fade e de 42 mil ve\u00edculos terrestres, mar\u00edtimos e fluviais, para garantir a vacina\u00e7\u00e3o em locais de dif\u00edcil acesso. \u201cVale ressaltar que, para garantir que o esquema b\u00e1sico seja cumprido, as vacinas contra a poliomielite, o sarampo, a rub\u00e9ola e a caxumba continuam dispon\u00edveis durante todo o ano nos postos do Sistema \u00danico de Sa\u00fade\u201d, informou o minist\u00e9rio.<\/p>\n<p>A poliomielite \u00e9 uma doen\u00e7a infectocontagiosa grave e a \u00fanica forma de preven\u00e7\u00e3o \u00e9 por meio da vacina. Na maioria dos casos, a crian\u00e7a n\u00e3o morre quando infectada, mas adquire s\u00e9rias les\u00f5es que afetam o sistema nervoso, provocando paralisia irrevers\u00edvel, principalmente nos membros inferiores. A doen\u00e7a \u00e9 causada pelo poliov\u00edrus e a infec\u00e7\u00e3o se d\u00e1, principalmente, por via oral.<\/p>\n<p>J\u00e1 o sarampo \u00e9 uma doen\u00e7a viral aguda grave e altamente contagiosa. Os sintomas mais comuns s\u00e3o febre alta, tosse, manchas avermelhadas, coriza e conjuntivite. A transmiss\u00e3o ocorre de pessoa para pessoa, por meio de secre\u00e7\u00f5es expelidas ao tossir, falar ou respirar. As complica\u00e7\u00f5es infecciosas contribuem para a gravidade do sarampo, particularmente em crian\u00e7as desnutridas e menores de 1 ano. A \u00fanica forma de preven\u00e7\u00e3o tamb\u00e9m \u00e9 por meio da vacina. As informa\u00e7\u00f5es s\u00e3o da <strong>Ag\u00eancia Brasil<\/strong>.<\/p>\n","protected":false},"excerpt":{"rendered":"<p>A campanha de vacina\u00e7\u00e3o contra o sarampo e a poliomielite acaba na pr\u00f3xima sexta-feira (28). A imuniza\u00e7\u00e3o come\u00e7ou no dia 8 de novembro em todo o pa\u00eds. Dados do Minist\u00e9rio da Sa\u00fade mostram que, at\u00e9 o momento, 6,4 milh\u00f5es de crian\u00e7as receberam a dose contra a p\u00f3lio, o que representa 50,4% da meta estabelecida. No [&hellip;]<\/p>\n","protected":false},"author":1,"featured_media":44649,"comment_status":"open","ping_status":"closed","sticky":false,"template":"","format":"standard","meta":{"amp_status":"","footnotes":""},"categories":[6],"tags":[15623,24113,19326,24114,22077,22284],"class_list":["post-46265","post","type-post","status-publish","format-standard","has-post-thumbnail","hentry","category-br","tag-campanha","tag-campanha-de-vacinacao-contra-a-polio-e-o-sarampo-sera-encerrada-nesta-semana","tag-ministerio-da-saude","tag-polio","tag-sarampo","tag-vacinacao"],"_links":{"self":[{"href":"https:\/\/aconteceunovale.com.br\/portal\/index.php?rest_route=\/wp\/v2\/posts\/46265","targetHints":{"allow":["GET"]}}],"collection":[{"href":"https:\/\/aconteceunovale.com.br\/portal\/index.php?rest_route=\/wp\/v2\/posts"}],"about":[{"href":"https:\/\/aconteceunovale.com.br\/portal\/index.php?rest_route=\/wp\/v2\/types\/post"}],"author":[{"embeddable":true,"href":"https:\/\/aconteceunovale.com.br\/portal\/index.php?rest_route=\/wp\/v2\/users\/1"}],"replies":[{"embeddable":true,"href":"https:\/\/aconteceunovale.com.br\/portal\/index.php?rest_route=%2Fwp%2Fv2%2Fcomments&post=46265"}],"version-history":[{"count":0,"href":"https:\/\/aconteceunovale.com.br\/portal\/index.php?rest_route=\/wp\/v2\/posts\/46265\/revisions"}],"wp:featuredmedia":[{"embeddable":true,"href":"https:\/\/aconteceunovale.com.br\/portal\/index.php?rest_route=\/wp\/v2\/media\/44649"}],"wp:attachment":[{"href":"https:\/\/aconteceunovale.com.br\/portal\/index.php?rest_route=%2Fwp%2Fv2%2Fmedia&parent=46265"}],"wp:term":[{"taxonomy":"category","embeddable":true,"href":"https:\/\/aconteceunovale.com.br\/portal\/index.php?rest_route=%2Fwp%2Fv2%2Fcategories&post=46265"},{"taxonomy":"post_tag","embeddable":true,"href":"https:\/\/aconteceunovale.com.br\/portal\/index.php?rest_route=%2Fwp%2Fv2%2Ftags&post=46265"}],"curies":[{"name":"wp","href":"https:\/\/api.w.org\/{rel}","templated":true}]}}