{"id":46106,"date":"2014-11-22T19:12:29","date_gmt":"2014-11-22T22:12:29","guid":{"rendered":"http:\/\/aconteceunovale.com.br\/portal\/?p=46106"},"modified":"2014-11-22T19:12:29","modified_gmt":"2014-11-22T22:12:29","slug":"acidente-envolvendo-tres-motos-deixa-um-morto-e-quatro-feridos-no-leste-de-minas","status":"publish","type":"post","link":"https:\/\/aconteceunovale.com.br\/portal\/?p=46106","title":{"rendered":"Acidente envolvendo tr\u00eas motos deixa um morto e quatro feridos no Leste de Minas"},"content":{"rendered":"<h4><em><strong>V\u00edtimas s\u00e3o moradores de S\u00e3o Domingos das Dores. As causas do acidente ser\u00e3o investigadas.<\/strong><\/em><\/h4>\n<p>Um jovem de 20 anos morreu em um acidente envolvendo tr\u00eas motocicletas na madrugada deste s\u00e1bado, 22 de novembro, na LMG-283, em S\u00e3o Domingos das Dores, no Leste de Minas Gerais. A v\u00edtima conduzia uma moto Honda Bros de cor prata.<\/p>\n<p><img decoding=\"async\" src=\"http:\/\/aconteceunovale.com.br\/portal\/wp-content\/uploads\/2014\/11\/acidente_3_motos_1.jpg\" alt=\"\" \/><em>Uma pessoa morreu e quatro ficaram feridas no acidente &#8211; Foto: TV Super Canal<\/em><br \/>\n<\/br><\/p>\n<p>De acordo com informa\u00e7\u00f5es da Pol\u00edcia Rodovi\u00e1ria Estadual, os ve\u00edculos colidiram violentamente na altura do quil\u00f4metro por volta das duas horas da manh\u00e3. Com o impacto da batida, Marlon Ant\u00f4nio Maia da Silva n\u00e3o resistiu aos graves ferimentos e morreu ap\u00f3s dar entrada no Hospital S\u00e3o Sebasti\u00e3o, em Inhapim. <\/p>\n<p>Outras quatro pessoas ficaram feridas no acidente. Gabriel Rodrigues de Souza, de 18 anos, sofreu uma fratura no f\u00eamur. Caio Fialho Teodolino, de 18 anos, teve um ferimento em um dos joelhos e escoria\u00e7\u00f5es pelo corpo. Carlos Fernando Salgado, de 18 anos, sofreu traumatismo craniano. J\u00e1 Felipe Quintanilha Gon\u00e7alves, de 177 anos, sofreu apenas escoria\u00e7\u00f5es leves. <\/p>\n<p>Todas as v\u00edtimas envolvidas no acidente s\u00e3o moradores de S\u00e3o Domingos das Dores. A per\u00edcia t\u00e9cnica da Pol\u00edcia Civil compareceu ao local e realizou os trabalhos de praxe. As causas do acidente ser\u00e3o investigadas.<\/p>\n<p><img decoding=\"async\" src=\"http:\/\/aconteceunovale.com.br\/portal\/wp-content\/uploads\/2014\/11\/acidente_3_motos_2.jpg\" alt=\"\" \/><em>Uma pessoa morreu e quatro ficaram feridas no acidente &#8211; Foto: TV Super Canal<\/em><br \/>\n<\/br><\/p>\n<p><img decoding=\"async\" src=\"http:\/\/aconteceunovale.com.br\/portal\/wp-content\/uploads\/2014\/11\/acidente_3_motos_3.jpg\" alt=\"\" \/><em>Uma pessoa morreu e quatro ficaram feridas no acidente &#8211; Foto: TV Super Canal<\/em><br \/>\n<\/br><\/p>\n<p><img decoding=\"async\" src=\"http:\/\/aconteceunovale.com.br\/portal\/wp-content\/uploads\/2014\/11\/acidente_3_motos_4.jpg\" alt=\"\" \/><em>Uma pessoa morreu e quatro ficaram feridas no acidente &#8211; Foto: TV Super Canal<\/em><br \/>\n<\/br><\/p>\n<p><img decoding=\"async\" src=\"http:\/\/aconteceunovale.com.br\/portal\/wp-content\/uploads\/2014\/11\/acidente_3_motos_5.jpg\" alt=\"\" \/><em>Uma pessoa morreu e quatro ficaram feridas no acidente &#8211; Foto: TV Super Canal<\/em><br \/>\n<\/br><\/p>\n<p><em><strong>(Super Canal Caratinga)<\/strong><\/em><\/p>\n","protected":false},"excerpt":{"rendered":"<p>V\u00edtimas s\u00e3o moradores de S\u00e3o Domingos das Dores. As causas do acidente ser\u00e3o investigadas. Um jovem de 20 anos morreu em um acidente envolvendo tr\u00eas motocicletas na madrugada deste s\u00e1bado, 22 de novembro, na LMG-283, em S\u00e3o Domingos das Dores, no Leste de Minas Gerais. A v\u00edtima conduzia uma moto Honda Bros de cor prata. [&hellip;]<\/p>\n","protected":false},"author":1,"featured_media":46107,"comment_status":"open","ping_status":"closed","sticky":false,"template":"","format":"standard","meta":{"amp_status":"","footnotes":""},"categories":[121],"tags":[23914,23916,23917,23919,23918,296,23915,316],"class_list":["post-46106","post","type-post","status-publish","format-standard","has-post-thumbnail","hentry","category-leste","tag-acidente-envolvendo-tres-motos-deixa-um-morto-e-quatro-feridos-no-leste-de-minas","tag-caio-fialho-teodolino","tag-carlos-fernando-salgado","tag-felipe-quintanilha-goncalves","tag-gabriel-rodrigues-de-souza","tag-inhapim","tag-marlon-antonio-maia-da-silva","tag-sao-domingos-das-dores"],"_links":{"self":[{"href":"https:\/\/aconteceunovale.com.br\/portal\/index.php?rest_route=\/wp\/v2\/posts\/46106","targetHints":{"allow":["GET"]}}],"collection":[{"href":"https:\/\/aconteceunovale.com.br\/portal\/index.php?rest_route=\/wp\/v2\/posts"}],"about":[{"href":"https:\/\/aconteceunovale.com.br\/portal\/index.php?rest_route=\/wp\/v2\/types\/post"}],"author":[{"embeddable":true,"href":"https:\/\/aconteceunovale.com.br\/portal\/index.php?rest_route=\/wp\/v2\/users\/1"}],"replies":[{"embeddable":true,"href":"https:\/\/aconteceunovale.com.br\/portal\/index.php?rest_route=%2Fwp%2Fv2%2Fcomments&post=46106"}],"version-history":[{"count":0,"href":"https:\/\/aconteceunovale.com.br\/portal\/index.php?rest_route=\/wp\/v2\/posts\/46106\/revisions"}],"wp:featuredmedia":[{"embeddable":true,"href":"https:\/\/aconteceunovale.com.br\/portal\/index.php?rest_route=\/wp\/v2\/media\/46107"}],"wp:attachment":[{"href":"https:\/\/aconteceunovale.com.br\/portal\/index.php?rest_route=%2Fwp%2Fv2%2Fmedia&parent=46106"}],"wp:term":[{"taxonomy":"category","embeddable":true,"href":"https:\/\/aconteceunovale.com.br\/portal\/index.php?rest_route=%2Fwp%2Fv2%2Fcategories&post=46106"},{"taxonomy":"post_tag","embeddable":true,"href":"https:\/\/aconteceunovale.com.br\/portal\/index.php?rest_route=%2Fwp%2Fv2%2Ftags&post=46106"}],"curies":[{"name":"wp","href":"https:\/\/api.w.org\/{rel}","templated":true}]}}