{"id":46051,"date":"2014-11-22T11:22:39","date_gmt":"2014-11-22T14:22:39","guid":{"rendered":"http:\/\/aconteceunovale.com.br\/portal\/?p=46051"},"modified":"2014-11-22T11:24:36","modified_gmt":"2014-11-22T14:24:36","slug":"superlotacao-faz-hospitais-reter-macas-do-samu-e-prejudicar-atendimento-de-emergencia","status":"publish","type":"post","link":"https:\/\/aconteceunovale.com.br\/portal\/?p=46051","title":{"rendered":"Hospitais superlotados ret\u00eam macas do Samu e prejudicam atendimento de emerg\u00eancia"},"content":{"rendered":"<h4><em><strong>Em Montes Claros, unidades admitem que usam equipamento por excesso de pacientes<\/strong><\/em><\/h4>\n<p>A superlota\u00e7\u00e3o nos hospitais de Montes Claros, no norte do Estado, tem prejudicado o atendimento do Servi\u00e7o de Atendimento M\u00f3vel de Urg\u00eancia (SAMU) na cidade. As macas utilizadas pelos socorristas ficam retidas nas unidades de sa\u00fade: dentre as 48 disponibilizadas para as ambul\u00e2ncias, 36 est\u00e3o sendo usadas para acomodar pacientes de urg\u00eancia e emerg\u00eancia em institui\u00e7\u00f5es como a Santa Casa e o Hospital Universit\u00e1rio.<\/p>\n<p><img decoding=\"async\" src=\"http:\/\/aconteceunovale.com.br\/portal\/wp-content\/uploads\/2014\/11\/ambulancias_paradas.jpg\" alt=\"\" \/><em>Ambul\u00e2ncias ficam paradas por falta de maca &#8211; Foto: Reprodu\u00e7\u00e3o\/Inter TV<\/em><br \/>\n<\/br><\/p>\n<p>Sem o equipamento, o socorro aos feridos na cidade fica cada vez mais demorado: uma menina de 12 anos que sofreu um acidente em frente \u00e0 Santa Casa teve que esperar uma hora para ser levada para o hospital. O Corpo de Bombeiros realizou o atendimento, j\u00e1 que o Samu estava sem a maca. O socorrista Marcus Vin\u00edcius de Oliveira lamenta as dificuldades. &#8220;Sem a maca, infelizmente nosso atendimento fica completamente prejudicado.&#8221;, disse.<\/p>\n<p>A falta do item b\u00e1sico na ambul\u00e2ncia est\u00e1 diretamente ligada ao excesso de pacientes nos hospitais, que rotineiramente trabalham acima da capacidade. Por isso, as macas s\u00e3o enviadas para o local e n\u00e3o retornam. Para Ana Paula Nascimento, secret\u00e1ria de sa\u00fade do munic\u00edpio, o problema \u00e9 a grande demanda de pacientes. &#8220;N\u00f3s temos responsabilidade do atendimento de 86 munic\u00edpios, ent\u00e3o ocorre que casos cl\u00ednicos que poderiam estar sendo tratados acaba sobrecarregando nossa rede.&#8221;, explica a Secret\u00e1ria.<\/p>\n<p>J\u00e1 a coordenadora da central de leitos, Raquel Borges, culpa a m\u00e1 gest\u00e3o dos hospitais pelo problema. &#8220;Ocorre que a administra\u00e7\u00e3o hospitalar n\u00e3o tem direito de reter essa maca.&#8221;, reclama.<\/p>\n<p>A Santa Casa confirmou, por meio de nota, que funciona com o dobro da capacidade. Imagens gravadas por uma c\u00e2mera escondida mostram o pronto-socorro do local lotado, com pacientes nos corredores. O Hospital Universit\u00e1rio tamb\u00e9m afirmou que ret\u00e9m as macas devido ao excesso de pessoas. (R7)<\/p>\n","protected":false},"excerpt":{"rendered":"<p>Em Montes Claros, unidades admitem que usam equipamento por excesso de pacientes A superlota\u00e7\u00e3o nos hospitais de Montes Claros, no norte do Estado, tem prejudicado o atendimento do Servi\u00e7o de Atendimento M\u00f3vel de Urg\u00eancia (SAMU) na cidade. As macas utilizadas pelos socorristas ficam retidas nas unidades de sa\u00fade: dentre as 48 disponibilizadas para as ambul\u00e2ncias, [&hellip;]<\/p>\n","protected":false},"author":1,"featured_media":46052,"comment_status":"open","ping_status":"closed","sticky":false,"template":"","format":"standard","meta":{"amp_status":"","footnotes":""},"categories":[1236],"tags":[23859,23856,23860,23855,210,23857,23858,23854],"class_list":["post-46051","post","type-post","status-publish","format-standard","has-post-thumbnail","hentry","category-norte_de_minas","tag-ambulancias-ficam-paradas-por-falta-de-maca","tag-ana-paula-nascimento","tag-hospitais-superlotados-retem-macas-do-samu-e-prejudicam-atendimento-de-emergencia","tag-marcus-vinicius-de-oliveira","tag-montes-claros","tag-raquel-borges","tag-superlotacao-faz-hospitais-reter-macas-do-samu-e-prejudicar-atendimento-de-emergencia","tag-superlotacao-nos-hospitais-de-montes-claros"],"_links":{"self":[{"href":"https:\/\/aconteceunovale.com.br\/portal\/index.php?rest_route=\/wp\/v2\/posts\/46051","targetHints":{"allow":["GET"]}}],"collection":[{"href":"https:\/\/aconteceunovale.com.br\/portal\/index.php?rest_route=\/wp\/v2\/posts"}],"about":[{"href":"https:\/\/aconteceunovale.com.br\/portal\/index.php?rest_route=\/wp\/v2\/types\/post"}],"author":[{"embeddable":true,"href":"https:\/\/aconteceunovale.com.br\/portal\/index.php?rest_route=\/wp\/v2\/users\/1"}],"replies":[{"embeddable":true,"href":"https:\/\/aconteceunovale.com.br\/portal\/index.php?rest_route=%2Fwp%2Fv2%2Fcomments&post=46051"}],"version-history":[{"count":0,"href":"https:\/\/aconteceunovale.com.br\/portal\/index.php?rest_route=\/wp\/v2\/posts\/46051\/revisions"}],"wp:featuredmedia":[{"embeddable":true,"href":"https:\/\/aconteceunovale.com.br\/portal\/index.php?rest_route=\/wp\/v2\/media\/46052"}],"wp:attachment":[{"href":"https:\/\/aconteceunovale.com.br\/portal\/index.php?rest_route=%2Fwp%2Fv2%2Fmedia&parent=46051"}],"wp:term":[{"taxonomy":"category","embeddable":true,"href":"https:\/\/aconteceunovale.com.br\/portal\/index.php?rest_route=%2Fwp%2Fv2%2Fcategories&post=46051"},{"taxonomy":"post_tag","embeddable":true,"href":"https:\/\/aconteceunovale.com.br\/portal\/index.php?rest_route=%2Fwp%2Fv2%2Ftags&post=46051"}],"curies":[{"name":"wp","href":"https:\/\/api.w.org\/{rel}","templated":true}]}}