{"id":46040,"date":"2014-11-22T10:47:52","date_gmt":"2014-11-22T13:47:52","guid":{"rendered":"http:\/\/aconteceunovale.com.br\/portal\/?p=46040"},"modified":"2014-11-22T10:48:43","modified_gmt":"2014-11-22T13:48:43","slug":"legalizacao-de-imigrantes-ilegais-nos-estados-unidos-gera-desconfianca-de-mineiros","status":"publish","type":"post","link":"https:\/\/aconteceunovale.com.br\/portal\/?p=46040","title":{"rendered":"Legaliza\u00e7\u00e3o de imigrantes ilegais nos Estados Unidos gera desconfian\u00e7a de mineiros"},"content":{"rendered":"<p>Um dia ap\u00f3s o presidente Barack Obama anunciar uma revis\u00e3o na Lei de Imigra\u00e7\u00e3o, oferecendo a possibilidade de legaliza\u00e7\u00e3o e permiss\u00e3o de trabalho tempor\u00e1rio a cerca de 5 milh\u00f5es de imigrantes, o assunto predominou nas rodas de conversa em Governador Valadares, no Leste de Minas, bem como entre norte-americanos e estrangeiros. A \u201cVala-d\u00f3lares\u201d \u00e9 pioneira na emigra\u00e7\u00e3o de brasileiros para o exterior e tem pelo menos 40 mil dos 260 mil habitantes em territ\u00f3rio estrangeiro, a maioria ilegalmente.<\/p>\n<p>A not\u00edcia trouxe euforia para alguns, mas tamb\u00e9m gerou desconfian\u00e7a. Para o fotojornalista Djavan Guilherme, de 46 anos, o decreto \u00e9 \u201cum pequeno curativo numa grande ferida\u201d. E decretos podem cair. Ele emigrou h\u00e1 14 anos, mora em Leominster, estado de Massachusets, trabalha como pintor e tem um filho de quatro anos. \u201cAssim como eu, muitos conhecidos est\u00e3o felizes, mas esper\u00e1vamos mais que isso, uma lei\u201d, reclama. Segundo o valadarense, os latinos decidem as elei\u00e7\u00f5es nos EUA e a medida de Obama foi uma estrat\u00e9gia pol\u00edtica.<\/p>\n<p>A artes\u00e3 J.F.M., de 53 anos, desconfia das inten\u00e7\u00f5es do decreto. Ela tem dois filhos, quatro irm\u00e3os, uma neta e v\u00e1rios outros parentes nos EUA, a maioria ilegalmente. O primeiro partiu h\u00e1 30 anos. \u201cE se for uma armadilha para identificar, localizar e depois deportar todo mundo\u201d, questiona. Apesar disso, revela que torce para que Barack Obama cumpra a promessa do al\u00edvio imigrat\u00f3rio. \u201cN\u00e3o vejo meus filhos h\u00e1 nove anos. A saudade \u00e9 dolorosa porque m\u00e3e precisa tocar, ver, sentir o abra\u00e7o. Se eles puderem vir me ver, vai ser maravilhoso\u201d.<\/p>\n<p>\u201cS\u00f3 se fala disso por aqui. As pessoas se esqueceram de todos os outros assuntos\u201d, conta o mineiro Elin\u00e9zio Fialho, de 43 anos, nascido em Conselheiro Pena, no Vale do Rio Doce, radicado em Boston h\u00e1 12 anos. Ele \u00e9 um dos poss\u00edveis beneficiados pela medida.<\/p>\n<p>Para Rosemayre Santos, que saiu de S\u00e3o Jo\u00e3o Evangelista, tamb\u00e9m no Vale do Rio Doce, h\u00e1 dez anos, para morar em Nova Jersey, pouca coisa dever\u00e1 mudar. \u201cS\u00f3 muda o fato de trabalharmos de forma regular, pagando impostos e, talvez, recebendo um sal\u00e1rio mais digno, porque quem vive aqui ilegalmente tem remunera\u00e7\u00f5es menores e nenhum benef\u00edcio\u201d, diz a brasileira de 30 anos que ganha a vida fazendo faxina.<\/p>\n<p>Segundo ela, muitos imigrantes temem que as altera\u00e7\u00f5es n\u00e3o sejam colocadas em pr\u00e1tica, por causa do descontentamento dos republicanos. \u201cVamos esperar e ver se ela trar\u00e1 benef\u00edcios m\u00fatuos. Mas uma coisa \u00e9 certa: o Obama n\u00e3o ter\u00e1 mais nada aprovado pelo Congresso, que ter\u00e1 minoria democrata\u201d.<\/p>\n<h4>Mudan\u00e7as<\/h4>\n<p>Na \u00faltima quinta-feira, o presidente norte-americano garantiu que aqueles que se enquadrarem nos requisitos propostos ter\u00e3o a garantia de que n\u00e3o ser\u00e3o deportados, podendo, dessa maneira, \u201csair da sombra e ficar em dia com a lei\u201d, afirmou, em um discurso de 15 minutos. Cerca de 11 milh\u00f5es de imigrantes ilegais vivem nos Estados Unidos, segundo o Pew Research Center.<\/p>\n<p>Para a pesquisadora sobre migra\u00e7\u00e3o internacional Sueli Siqueira, professora da Universidade Vale do Rio Doce (Univale) em Governador Valadares, com o decreto, o trabalhador imigrante poder\u00e1 sair da informalidade e deixar de ser explorado. E os casos, revela, n\u00e3o s\u00e3o poucos. \u201cOs que vencerem a burocracia e se enquadrarem nos crit\u00e9rios, ser\u00e3o muito beneficiados\u201d.<\/p>\n<p>Conterr\u00e2neo de Elin\u00e9zio Fialho, Rander Fagundes, de 29 anos, n\u00e3o se encaixa nos quesitos, mas sentiu-se mais esperan\u00e7oso. \u201cAcho que a medida foi s\u00f3 para ado\u00e7ar a boca dos imigrantes, mas, ainda assim, ela ajuda somente a metade deles\u201d.<\/p>\n<h4>Crit\u00e9rios para a legaliza\u00e7\u00e3o<\/h4>\n<p>&#8211; Estar presente em solo americano desde 1\u00ba de janeiro de 2010 (ao inv\u00e9s de 15 de junho de 2007).<br \/>\n&#8211; O limite de idade de 31 anos em 2012 passa a ser nulo para participar do programa.<br \/>\n&#8211; Os candidatos devem ter chegado aos Estados Unidos antes dos 16 anos (inalterado).<br \/>\n&#8211; As condi\u00e7\u00f5es de diploma (bacharelado) e antecedentes criminais (n\u00e3o tendo sido condenados) permanecem.<\/p>\n<p>As informa\u00e7\u00f5es s\u00e3o do <strong>Jornal Hoje em Dia<\/strong>, <strong>Ag\u00eancia Brasil<\/strong> e <strong>Ag\u00eancia Lusa<\/strong>.<\/p>\n","protected":false},"excerpt":{"rendered":"<p>Um dia ap\u00f3s o presidente Barack Obama anunciar uma revis\u00e3o na Lei de Imigra\u00e7\u00e3o, oferecendo a possibilidade de legaliza\u00e7\u00e3o e permiss\u00e3o de trabalho tempor\u00e1rio a cerca de 5 milh\u00f5es de imigrantes, o assunto predominou nas rodas de conversa em Governador Valadares, no Leste de Minas, bem como entre norte-americanos e estrangeiros. A \u201cVala-d\u00f3lares\u201d \u00e9 pioneira [&hellip;]<\/p>\n","protected":false},"author":1,"featured_media":46041,"comment_status":"open","ping_status":"closed","sticky":false,"template":"","format":"standard","meta":{"amp_status":"","footnotes":""},"categories":[123],"tags":[15836,23817,23819,247,23826,23824,23828,23825,23818,23821,23679,23822,23823,23827,23820,162],"class_list":["post-46040","post","type-post","status-publish","format-standard","has-post-thumbnail","hentry","category-gerais","tag-barack-obama","tag-djavan-guilherme","tag-elinezio-fialho","tag-governador-valadares","tag-imigracao-para-os-estados-unidos","tag-legalizacao-de-imigrantes-ilegais-nos-estados-unidos-gera-desconfianca-de-mineiros","tag-legalizacao-de-imigrantes-nos-estados-unidos","tag-lei-de-imigracao-para-os-estados-unidos","tag-leominster","tag-nova-jersey","tag-novas-regras-para-imigrantes-nos-estados-unidos","tag-pew-research-center","tag-rander-fagundes","tag-regras-para-regularizar-imigrantes-nos-estados-unidos","tag-rosemayre-santos","tag-sao-joao-evangelista"],"_links":{"self":[{"href":"https:\/\/aconteceunovale.com.br\/portal\/index.php?rest_route=\/wp\/v2\/posts\/46040","targetHints":{"allow":["GET"]}}],"collection":[{"href":"https:\/\/aconteceunovale.com.br\/portal\/index.php?rest_route=\/wp\/v2\/posts"}],"about":[{"href":"https:\/\/aconteceunovale.com.br\/portal\/index.php?rest_route=\/wp\/v2\/types\/post"}],"author":[{"embeddable":true,"href":"https:\/\/aconteceunovale.com.br\/portal\/index.php?rest_route=\/wp\/v2\/users\/1"}],"replies":[{"embeddable":true,"href":"https:\/\/aconteceunovale.com.br\/portal\/index.php?rest_route=%2Fwp%2Fv2%2Fcomments&post=46040"}],"version-history":[{"count":0,"href":"https:\/\/aconteceunovale.com.br\/portal\/index.php?rest_route=\/wp\/v2\/posts\/46040\/revisions"}],"wp:featuredmedia":[{"embeddable":true,"href":"https:\/\/aconteceunovale.com.br\/portal\/index.php?rest_route=\/wp\/v2\/media\/46041"}],"wp:attachment":[{"href":"https:\/\/aconteceunovale.com.br\/portal\/index.php?rest_route=%2Fwp%2Fv2%2Fmedia&parent=46040"}],"wp:term":[{"taxonomy":"category","embeddable":true,"href":"https:\/\/aconteceunovale.com.br\/portal\/index.php?rest_route=%2Fwp%2Fv2%2Fcategories&post=46040"},{"taxonomy":"post_tag","embeddable":true,"href":"https:\/\/aconteceunovale.com.br\/portal\/index.php?rest_route=%2Fwp%2Fv2%2Ftags&post=46040"}],"curies":[{"name":"wp","href":"https:\/\/api.w.org\/{rel}","templated":true}]}}