{"id":45982,"date":"2014-11-21T15:26:48","date_gmt":"2014-11-21T18:26:48","guid":{"rendered":"http:\/\/aconteceunovale.com.br\/portal\/?p=45982"},"modified":"2014-11-21T15:28:19","modified_gmt":"2014-11-21T18:28:19","slug":"alunos-de-creche-podem-ficar-sem-aula-por-causa-das-chuvas-em-teofilo-otoni","status":"publish","type":"post","link":"https:\/\/aconteceunovale.com.br\/portal\/?p=45982","title":{"rendered":"Alunos de creche podem ficar sem aula por causa das chuvas em Te\u00f3filo Otoni"},"content":{"rendered":"<h4><em><strong>Escola de Te\u00f3filo Otoni teve estrutura prejudicada ap\u00f3s chuva. Crian\u00e7as de 4 a 5 anos foram remanejadas para uma igreja.<\/strong><\/em><\/h4>\n<p>Uma creche localizada na na Rua Manoel Ramos, no Bairro Jardim das Ac\u00e1cias, em Te\u00f3filo Otoni, no Vale do Mucuri, corre o risco de fechar as portas e deixar cerca de trezentas crian\u00e7as sem aula. Uma rua que fica na parte de traz da institui\u00e7\u00e3o desabou e a defesa civil interditou o local.<\/p>\n<p>A dire\u00e7\u00e3o da escola afirma que conseguiu uma autoriza\u00e7\u00e3o, para que apenas parte do espa\u00e7o funcionasse. O problema come\u00e7ou com as chuvas do fim do m\u00eas de outubro, uma cratera se formou na rua Manoel Ramos, e al\u00e9m de nenhum ve\u00edculo conseguir passar, a escola, na rua de baixo, foi totalmente prejudicada com a descida de terra.<\/p>\n<p>A creche funciona h\u00e1 27 anos e atende tamb\u00e9m adolescentes de at\u00e9 14 anos, com aulas de inform\u00e1tica e salas de m\u00fasica. A dire\u00e7\u00e3o da institui\u00e7\u00e3o afirma que avisou a prefeitura sobre o risco de deslizamento de terra, h\u00e1 tr\u00eas meses.<\/p>\n<p>Segundo a Secretaria Municipal de Educa\u00e7\u00e3o de Te\u00f3filo Otoni, depois da interdi\u00e7\u00e3o de uma parte do pr\u00e9dio, apenas as crian\u00e7as de quatro e cinco anos foram remanejadas para duas salas de uma igreja, alugada para abrigar os estudantes.<\/p>\n<p><img decoding=\"async\" src=\"http:\/\/aconteceunovale.com.br\/portal\/wp-content\/uploads\/2014\/11\/creche_teo_cratera.jpg\" alt=\"\" \/><em>Crateras foram abertas na rua de cima da escola (Foto: reprodu\u00e7\u00e3o\/Inter TV dos Vales)<\/em><br \/>\n<\/br><\/p>\n<p><em><strong>(Inter TV dos Vales)<\/strong><\/em><\/p>\n","protected":false},"excerpt":{"rendered":"<p>Escola de Te\u00f3filo Otoni teve estrutura prejudicada ap\u00f3s chuva. Crian\u00e7as de 4 a 5 anos foram remanejadas para uma igreja. Uma creche localizada na na Rua Manoel Ramos, no Bairro Jardim das Ac\u00e1cias, em Te\u00f3filo Otoni, no Vale do Mucuri, corre o risco de fechar as portas e deixar cerca de trezentas crian\u00e7as sem aula. [&hellip;]<\/p>\n","protected":false},"author":1,"featured_media":45983,"comment_status":"open","ping_status":"closed","sticky":false,"template":"","format":"standard","meta":{"amp_status":"","footnotes":""},"categories":[122],"tags":[23715,164],"class_list":["post-45982","post","type-post","status-publish","format-standard","has-post-thumbnail","hentry","category-mucuri","tag-alunos-de-creche-podem-ficar-sem-aula-por-causa-das-chuvas-em-teofilo-otoni","tag-teofilo-otoni"],"_links":{"self":[{"href":"https:\/\/aconteceunovale.com.br\/portal\/index.php?rest_route=\/wp\/v2\/posts\/45982","targetHints":{"allow":["GET"]}}],"collection":[{"href":"https:\/\/aconteceunovale.com.br\/portal\/index.php?rest_route=\/wp\/v2\/posts"}],"about":[{"href":"https:\/\/aconteceunovale.com.br\/portal\/index.php?rest_route=\/wp\/v2\/types\/post"}],"author":[{"embeddable":true,"href":"https:\/\/aconteceunovale.com.br\/portal\/index.php?rest_route=\/wp\/v2\/users\/1"}],"replies":[{"embeddable":true,"href":"https:\/\/aconteceunovale.com.br\/portal\/index.php?rest_route=%2Fwp%2Fv2%2Fcomments&post=45982"}],"version-history":[{"count":0,"href":"https:\/\/aconteceunovale.com.br\/portal\/index.php?rest_route=\/wp\/v2\/posts\/45982\/revisions"}],"wp:featuredmedia":[{"embeddable":true,"href":"https:\/\/aconteceunovale.com.br\/portal\/index.php?rest_route=\/wp\/v2\/media\/45983"}],"wp:attachment":[{"href":"https:\/\/aconteceunovale.com.br\/portal\/index.php?rest_route=%2Fwp%2Fv2%2Fmedia&parent=45982"}],"wp:term":[{"taxonomy":"category","embeddable":true,"href":"https:\/\/aconteceunovale.com.br\/portal\/index.php?rest_route=%2Fwp%2Fv2%2Fcategories&post=45982"},{"taxonomy":"post_tag","embeddable":true,"href":"https:\/\/aconteceunovale.com.br\/portal\/index.php?rest_route=%2Fwp%2Fv2%2Ftags&post=45982"}],"curies":[{"name":"wp","href":"https:\/\/api.w.org\/{rel}","templated":true}]}}