{"id":45955,"date":"2014-11-21T11:28:58","date_gmt":"2014-11-21T14:28:58","guid":{"rendered":"http:\/\/aconteceunovale.com.br\/portal\/?p=45955"},"modified":"2014-11-21T11:28:58","modified_gmt":"2014-11-21T14:28:58","slug":"acusado-de-matar-o-irmao-e-enterrar-o-corpo-e-preso-em-comercinho","status":"publish","type":"post","link":"https:\/\/aconteceunovale.com.br\/portal\/?p=45955","title":{"rendered":"Acusado de matar o irm\u00e3o e enterrar o corpo \u00e9 preso em Comercinho"},"content":{"rendered":"<h4><em><strong>Segundo a Pol\u00edcia Militar, o crime ocorreu na noite do \u00faltimo dia 16. O homem foi preso nesta quinta-feira (20)<\/strong><\/em><\/h4>\n<p>Um  homem de 37 anos foi preso na  quinta-feira (20) por suspeita de matar o irm\u00e3o, de 48 anos, e enterrar o corpo em uma propriedade rural, no munic\u00edpio de Comercinho, no Vale do Jequitinhonha.<\/p>\n<p>O crime  foi descoberto pela pol\u00edcia ap\u00f3s den\u00fancia de desaparecimento do lavrador. O homem foi preso em casa e n\u00e3o ofereceu resist\u00eancia.<\/p>\n<p>O corpo de Ellis de Sousa, 48 anos, foi encontrado enterrado, encoberto por areia, em uma vala de concreto, no terreno da casa onde ele morava com o irm\u00e3o, Edivaldo Sousa Franca, principal suspeito de ter cometido o crime.<\/p>\n<p>Ele estava de cabe\u00e7a para baixo e j\u00e1 em avan\u00e7ado estado de putrefa\u00e7\u00e3o. O cad\u00e1ver foi encaminhado para o Instituto M\u00e9dico Legal (IML) de Almenara.<\/p>\n<p>Segundo a ocorr\u00eancia policial, o crime ocorreu por volta das 23h30 do \u00faltimo dia 16. Ainda segundo a PM, os dois irm\u00e3os faziam uso de bebida alco\u00f3lica quando iniciaram uma discuss\u00e3o por motivos banais. Enfurecido, Edivaldo Sousa desferiu golpes de foice no pesco\u00e7o do irm\u00e3o e em seguida enterrou o corpo.<\/p>\n<p>Ap\u00f3s ser preso, ele foi conduzido para a delegacia de Pol\u00edcia Civil de Pedra Azul, onde foi autuado em flagrante. Se condenado, poder\u00e1 pegar de 20 a 30 anos de pris\u00e3o. As informa\u00e7\u00f5es s\u00e3o do site <strong>Gazeta de Ara\u00e7ua\u00ed<\/strong>.<\/p>\n","protected":false},"excerpt":{"rendered":"<p>Segundo a Pol\u00edcia Militar, o crime ocorreu na noite do \u00faltimo dia 16. O homem foi preso nesta quinta-feira (20) Um homem de 37 anos foi preso na quinta-feira (20) por suspeita de matar o irm\u00e3o, de 48 anos, e enterrar o corpo em uma propriedade rural, no munic\u00edpio de Comercinho, no Vale do Jequitinhonha. [&hellip;]<\/p>\n","protected":false},"author":1,"featured_media":45956,"comment_status":"open","ping_status":"closed","sticky":false,"template":"","format":"standard","meta":{"amp_status":"","footnotes":""},"categories":[120],"tags":[23688,426,23690,23689],"class_list":["post-45955","post","type-post","status-publish","format-standard","has-post-thumbnail","hentry","category-jequi","tag-acusado-de-matar-o-irmao-e-enterrar-o-corpo-e-preso-em-comercinho","tag-comercinho","tag-edivaldo-sousa-franca","tag-ellis-de-sousa"],"_links":{"self":[{"href":"https:\/\/aconteceunovale.com.br\/portal\/index.php?rest_route=\/wp\/v2\/posts\/45955","targetHints":{"allow":["GET"]}}],"collection":[{"href":"https:\/\/aconteceunovale.com.br\/portal\/index.php?rest_route=\/wp\/v2\/posts"}],"about":[{"href":"https:\/\/aconteceunovale.com.br\/portal\/index.php?rest_route=\/wp\/v2\/types\/post"}],"author":[{"embeddable":true,"href":"https:\/\/aconteceunovale.com.br\/portal\/index.php?rest_route=\/wp\/v2\/users\/1"}],"replies":[{"embeddable":true,"href":"https:\/\/aconteceunovale.com.br\/portal\/index.php?rest_route=%2Fwp%2Fv2%2Fcomments&post=45955"}],"version-history":[{"count":0,"href":"https:\/\/aconteceunovale.com.br\/portal\/index.php?rest_route=\/wp\/v2\/posts\/45955\/revisions"}],"wp:featuredmedia":[{"embeddable":true,"href":"https:\/\/aconteceunovale.com.br\/portal\/index.php?rest_route=\/wp\/v2\/media\/45956"}],"wp:attachment":[{"href":"https:\/\/aconteceunovale.com.br\/portal\/index.php?rest_route=%2Fwp%2Fv2%2Fmedia&parent=45955"}],"wp:term":[{"taxonomy":"category","embeddable":true,"href":"https:\/\/aconteceunovale.com.br\/portal\/index.php?rest_route=%2Fwp%2Fv2%2Fcategories&post=45955"},{"taxonomy":"post_tag","embeddable":true,"href":"https:\/\/aconteceunovale.com.br\/portal\/index.php?rest_route=%2Fwp%2Fv2%2Ftags&post=45955"}],"curies":[{"name":"wp","href":"https:\/\/api.w.org\/{rel}","templated":true}]}}