{"id":45950,"date":"2014-11-21T11:19:52","date_gmt":"2014-11-21T14:19:52","guid":{"rendered":"http:\/\/aconteceunovale.com.br\/portal\/?p=45950"},"modified":"2014-11-21T11:19:52","modified_gmt":"2014-11-21T14:19:52","slug":"homem-e-esfaqueado-em-rua-do-centro-de-almenara","status":"publish","type":"post","link":"https:\/\/aconteceunovale.com.br\/portal\/?p=45950","title":{"rendered":"Homem \u00e9 esfaqueado em rua do Centro de Almenara"},"content":{"rendered":"<p><em><strong>V\u00edtima foi socorrida por uma viatura policial e levada para o hospital da cidade. Autor foi preso e encaminhado \u00c0 Delegacia de Pol\u00edcia.<\/strong><\/em><\/p>\n<p>Um homem de 39 anos foi esfaqueado na tarde de quinta-feira (20) em uma rua do Centro da cidade de Almenara, no Vale do Jequitinhonha. Os motivos do crime ainda s\u00e3o desconhecidos. S\u00e9rgio Santos Sousa foi encontrado na rua Capit\u00e3o Marcelino. <\/p>\n<p>A v\u00edtima foi socorrida por uma viatura da Pol\u00edcia Militar e levado para atendimento m\u00e9dico no Hospital Deraldo Guimar\u00e3es, onde foi submetido a uma cirurgia. O estado de sa\u00fade dele, n\u00e3o foi divulgado.<\/p>\n<p>De acordo com testemunhas do crime, o lavrador foi esfaqueado na barriga, por um homem de 46 anos, conhecido como D-12. Ele foi preso horas ap\u00f3s o crime, no bairro Santa Teresa, onde mora.<\/p>\n<p>D-12 estava com os p\u00e9s salpicados por manchas de sangue. A faca foi encontrada enrolada em um casaco. O homem foi preso e  conduzido para a Delegacia de Pol\u00edcia Civil onde foi autuado em flagrante.<\/p>\n<p><img decoding=\"async\" src=\"http:\/\/aconteceunovale.com.br\/portal\/wp-content\/uploads\/2014\/11\/almenara_mg.jpg\" alt=\"\" \/><em>O crime ocorreu na rua Capit\u00e3o Marcelino, no Centro de Almenara &#8211; Foto: Arquivo<\/em><br \/>\n<\/br><\/p>\n<p><em><strong>(Gazeta de Ara\u00e7ua\u00ed)<\/strong><\/em><\/p>\n","protected":false},"excerpt":{"rendered":"<p>V\u00edtima foi socorrida por uma viatura policial e levada para o hospital da cidade. Autor foi preso e encaminhado \u00c0 Delegacia de Pol\u00edcia. Um homem de 39 anos foi esfaqueado na tarde de quinta-feira (20) em uma rua do Centro da cidade de Almenara, no Vale do Jequitinhonha. Os motivos do crime ainda s\u00e3o desconhecidos. [&hellip;]<\/p>\n","protected":false},"author":1,"featured_media":45951,"comment_status":"open","ping_status":"closed","sticky":false,"template":"","format":"standard","meta":{"amp_status":"","footnotes":""},"categories":[120],"tags":[142,23685,23683,23684],"class_list":["post-45950","post","type-post","status-publish","format-standard","has-post-thumbnail","hentry","category-jequi","tag-almenara","tag-ariosvaldo-pereira-paiva","tag-homem-e-esfaqueado-em-rua-do-centro-de-almenara","tag-sergio-santos-sousa"],"_links":{"self":[{"href":"https:\/\/aconteceunovale.com.br\/portal\/index.php?rest_route=\/wp\/v2\/posts\/45950","targetHints":{"allow":["GET"]}}],"collection":[{"href":"https:\/\/aconteceunovale.com.br\/portal\/index.php?rest_route=\/wp\/v2\/posts"}],"about":[{"href":"https:\/\/aconteceunovale.com.br\/portal\/index.php?rest_route=\/wp\/v2\/types\/post"}],"author":[{"embeddable":true,"href":"https:\/\/aconteceunovale.com.br\/portal\/index.php?rest_route=\/wp\/v2\/users\/1"}],"replies":[{"embeddable":true,"href":"https:\/\/aconteceunovale.com.br\/portal\/index.php?rest_route=%2Fwp%2Fv2%2Fcomments&post=45950"}],"version-history":[{"count":0,"href":"https:\/\/aconteceunovale.com.br\/portal\/index.php?rest_route=\/wp\/v2\/posts\/45950\/revisions"}],"wp:featuredmedia":[{"embeddable":true,"href":"https:\/\/aconteceunovale.com.br\/portal\/index.php?rest_route=\/wp\/v2\/media\/45951"}],"wp:attachment":[{"href":"https:\/\/aconteceunovale.com.br\/portal\/index.php?rest_route=%2Fwp%2Fv2%2Fmedia&parent=45950"}],"wp:term":[{"taxonomy":"category","embeddable":true,"href":"https:\/\/aconteceunovale.com.br\/portal\/index.php?rest_route=%2Fwp%2Fv2%2Fcategories&post=45950"},{"taxonomy":"post_tag","embeddable":true,"href":"https:\/\/aconteceunovale.com.br\/portal\/index.php?rest_route=%2Fwp%2Fv2%2Ftags&post=45950"}],"curies":[{"name":"wp","href":"https:\/\/api.w.org\/{rel}","templated":true}]}}