{"id":45925,"date":"2014-11-20T22:09:43","date_gmt":"2014-11-21T01:09:43","guid":{"rendered":"http:\/\/aconteceunovale.com.br\/portal\/?p=45925"},"modified":"2014-11-20T22:10:32","modified_gmt":"2014-11-21T01:10:32","slug":"producao-de-energia-na-hidreletrica-de-tres-marias-nao-preocupa-cemig-2","status":"publish","type":"post","link":"https:\/\/aconteceunovale.com.br\/portal\/?p=45925","title":{"rendered":"Produ\u00e7\u00e3o de energia na Hidrel\u00e9trica de Tr\u00eas Marias n\u00e3o preocupa Cemig"},"content":{"rendered":"<h4><em><strong>Reservat\u00f3rio da usina est\u00e1 em apenas 2,6% de sua capacidade. Mesmo com baixo volume, companhia comemora estabilidade na redu\u00e7\u00e3o.<\/strong><\/em><\/h4>\n<p>O n\u00edvel de \u00e1gua no reservat\u00f3rio da Usina Hidrel\u00e9trica de Tr\u00eas Marias, na regi\u00e3o Central de Minas Gerais, est\u00e1 em apenas 2,6% de sua capacidade, nesta quinta-feira (19), de acordo com dados publicados diariamente pela Companhia Energ\u00e9tica de Minas Gerais (Cemig), operadora da Usina. Este registro est\u00e1 bem pr\u00f3ximo do \u00edndice mais baixo registrado em novembro, 2,57%.<\/p>\n<p>Apesar do baixo volume de \u00e1gua  no reservat\u00f3rio, a Cemig diz que ainda n\u00e3o existe a preocupa\u00e7\u00e3o com a produ\u00e7\u00e3o de energia em Tr\u00eas Marias, \u201cpois \u00e9 s\u00f3 o come\u00e7o da esta\u00e7\u00e3o das chuvas que se estende at\u00e9 abril de 2015. Isto se tivermos um ano dentro da normalidade\u201d.<\/p>\n<p><img decoding=\"async\" src=\"http:\/\/aconteceunovale.com.br\/portal\/wp-content\/uploads\/2014\/08\/uhtresmarias.jpg\" alt=\"\" \/><em>Reservat\u00f3rio est\u00e1 com 2,6% da capacidade (Foto: Reprodu\u00e7\u00e3o)<\/em><br \/>\n<\/br><\/p>\n<p>Um dos motivos para o registro de pouca \u00e1gua na represa pode estar ligada ainda a falta de chuvas na regi\u00e3o de Tr\u00eas Marias, segundo a Empresa de Assist\u00eancia T\u00e9cnica e Extens\u00e3o Rural (Emater). &#8220;Aqui ainda n\u00e3o falamos em per\u00edodo chuvoso, pois temos locais que ainda n\u00e3o foi registrado nenhuma gota de chuva. At\u00e9 mesmo os dados pluviom\u00e9tricos n\u00e3o s\u00e3o condensados porque as chuvas acontecem de forma isolada&#8221;, explica o extensionista Magno Gomes da Rocha.<\/p>\n<p>Existe ainda o equil\u00edbrio do volume afluente e defluente, \u00e1gua que entra e sai da represa, respectivamente. \u201cEste equil\u00edbrio evitou que o n\u00edvel chegasse a 0%. E mesmo assim, ainda ter\u00edamos cerca de 4 bilh\u00f5es de metros c\u00fabicos no reservat\u00f3rio, mas n\u00e3o havia a certeza de como seria a produ\u00e7\u00e3o de energia em Tr\u00eas Marias\u201d, explica o gerente de planejamento da Cemig, Marcelo de Deus.<\/p>\n<p>Desde o dia 4 de outubro, a vaz\u00e3o defluente do reservat\u00f3rio \u00e9 de 120 metros c\u00fabicos por segundo, abaixo dos 140 planejados no in\u00edcio deste ano. Esta medida seria para perenizar o Rio S\u00e3o Francisco e evitar o desabastecimento humano em cidades abaixo da represa que margeiam o Velho Chico, al\u00e9m de garantir a irriga\u00e7\u00e3o no Projeto Ja\u00edba.<\/p>\n<p>Mas, de acordo com o gerente de planejamento, a companhia quer reduzir ainda mais o volume defluente da represa. \u201cTodos os munic\u00edpios abaixo se adaptaram para a situa\u00e7\u00e3o, inclusive o projeto Ja\u00edba. Isso inclui projetos de capta\u00e7\u00e3o de \u00e1gua flutuante. Gostar\u00edamos de diminuir justamente para aumentar o n\u00edvel do reservat\u00f3rio em Tr\u00eas Marias\u201d, explica. (G1)<\/p>\n","protected":false},"excerpt":{"rendered":"<p>Reservat\u00f3rio da usina est\u00e1 em apenas 2,6% de sua capacidade. Mesmo com baixo volume, companhia comemora estabilidade na redu\u00e7\u00e3o. O n\u00edvel de \u00e1gua no reservat\u00f3rio da Usina Hidrel\u00e9trica de Tr\u00eas Marias, na regi\u00e3o Central de Minas Gerais, est\u00e1 em apenas 2,6% de sua capacidade, nesta quinta-feira (19), de acordo com dados publicados diariamente pela Companhia [&hellip;]<\/p>\n","protected":false},"author":1,"featured_media":38198,"comment_status":"open","ping_status":"closed","sticky":false,"template":"","format":"standard","meta":{"amp_status":"","footnotes":""},"categories":[123],"tags":[347,18567,23648,23649,23647,3106,6330,1533,12424],"class_list":["post-45925","post","type-post","status-publish","format-standard","has-post-thumbnail","hentry","category-gerais","tag-cemig","tag-companhia-energetica-de-minas-gerais","tag-hidreletrica-de-tres-marias","tag-irrigacao-no-projeto-jaiba","tag-producao-de-energia-na-hidreletrica-de-tres-marias-nao-preocupa-cemig","tag-projeto-jaiba","tag-rio-sao-francisco","tag-tres-marias","tag-usina-hidreletrica-de-tres-marias"],"_links":{"self":[{"href":"https:\/\/aconteceunovale.com.br\/portal\/index.php?rest_route=\/wp\/v2\/posts\/45925","targetHints":{"allow":["GET"]}}],"collection":[{"href":"https:\/\/aconteceunovale.com.br\/portal\/index.php?rest_route=\/wp\/v2\/posts"}],"about":[{"href":"https:\/\/aconteceunovale.com.br\/portal\/index.php?rest_route=\/wp\/v2\/types\/post"}],"author":[{"embeddable":true,"href":"https:\/\/aconteceunovale.com.br\/portal\/index.php?rest_route=\/wp\/v2\/users\/1"}],"replies":[{"embeddable":true,"href":"https:\/\/aconteceunovale.com.br\/portal\/index.php?rest_route=%2Fwp%2Fv2%2Fcomments&post=45925"}],"version-history":[{"count":0,"href":"https:\/\/aconteceunovale.com.br\/portal\/index.php?rest_route=\/wp\/v2\/posts\/45925\/revisions"}],"wp:featuredmedia":[{"embeddable":true,"href":"https:\/\/aconteceunovale.com.br\/portal\/index.php?rest_route=\/wp\/v2\/media\/38198"}],"wp:attachment":[{"href":"https:\/\/aconteceunovale.com.br\/portal\/index.php?rest_route=%2Fwp%2Fv2%2Fmedia&parent=45925"}],"wp:term":[{"taxonomy":"category","embeddable":true,"href":"https:\/\/aconteceunovale.com.br\/portal\/index.php?rest_route=%2Fwp%2Fv2%2Fcategories&post=45925"},{"taxonomy":"post_tag","embeddable":true,"href":"https:\/\/aconteceunovale.com.br\/portal\/index.php?rest_route=%2Fwp%2Fv2%2Ftags&post=45925"}],"curies":[{"name":"wp","href":"https:\/\/api.w.org\/{rel}","templated":true}]}}