{"id":45917,"date":"2014-11-20T20:35:21","date_gmt":"2014-11-20T23:35:21","guid":{"rendered":"http:\/\/aconteceunovale.com.br\/portal\/?p=45917"},"modified":"2014-11-20T20:35:21","modified_gmt":"2014-11-20T23:35:21","slug":"forum-municipal-discute-a-criminalizacao-da-juventude-em-ipatinga","status":"publish","type":"post","link":"https:\/\/aconteceunovale.com.br\/portal\/?p=45917","title":{"rendered":"F\u00f3rum Municipal discute a Criminaliza\u00e7\u00e3o da Juventude em Ipatinga"},"content":{"rendered":"<h4><strong><em>O objetivo do encontro \u00e9 promover a reflex\u00e3o e a problematiza\u00e7\u00e3o do tema, estabelecendo estrat\u00e9gias em investimentos e pol\u00edticas p\u00fablicas e interven\u00e7\u00f5es direcionadas a este p\u00fablico<\/em><\/strong><\/h4>\n<p>Para discutir a quest\u00e3o da criminalidade entre a juventude da regi\u00e3o de Ipatinga e estimular a participa\u00e7\u00e3o da sociedade na preven\u00e7\u00e3o de ocorr\u00eancias que envolvam jovens, o Centro de Preven\u00e7\u00e3o \u00e0 Criminalidade de Ipatinga promoveu, nesta quinta-feira (20\/11), o F\u00f3rum Municipal \u201cCriminaliza\u00e7\u00e3o da Juventude \u2013 do que estamos falando?\u201d. O evento aconteceu no audit\u00f3rio da Faculdade Pit\u00e1goras, no centro da cidade.<\/p>\n<p>A tem\u00e1tica juventude tem sido pauta nas discuss\u00f5es em diversos espa\u00e7os de participa\u00e7\u00e3o institucional e comunit\u00e1ria. O \u00edndice de envolvimento de adolescentes em atos infracionais e a press\u00e3o da sociedade local para tomada de provid\u00eancias por parte do poder p\u00fablico na conten\u00e7\u00e3o dessa situa\u00e7\u00e3o t\u00eam aberto espa\u00e7o para discuss\u00e3o sobre a criminaliza\u00e7\u00e3o da juventude e seus desdobramentos.<\/p>\n<p>O objetivo do f\u00f3rum foi promover a reflex\u00e3o e a problematiza\u00e7\u00e3o dessa juventude sob outras \u00f3ticas, estabelecendo estrat\u00e9gias em investimentos e pol\u00edticas p\u00fablicas e interven\u00e7\u00f5es direcionadas \u00e0 juventude. \u201cTemos que pensar na import\u00e2ncia das a\u00e7\u00f5es de preven\u00e7\u00e3o \u00e0 criminalidade, antes que esses jovens cometam alguma infra\u00e7\u00e3o. Al\u00e9m de estabelecer e fortalecer as parcerias j\u00e1 existentes entre as diversas institui\u00e7\u00f5es ligadas \u00e0 seguran\u00e7a e \u00e0 juventude\u201d, explica a gestora do Centro de Preven\u00e7\u00e3o \u00e0 Criminalidade de Ipatinga, Francislaine Soares.<\/p>\n<p>Ela tamb\u00e9m ressalta a aplica\u00e7\u00e3o de penas alternativas em casos de infra\u00e7\u00f5es mais leves. \u201cExiste um pensamento muito forte, n\u00e3o s\u00f3 em Ipatinga, de que a interna\u00e7\u00e3o \u00e9 a solu\u00e7\u00e3o para o jovem em conflito com a lei. Mas, apenas internar \u00e9 uma solu\u00e7\u00e3o muito simplista, que n\u00e3o resolve em todos os casos e n\u00e3o deve ser pensada como a \u00fanica op\u00e7\u00e3o\u201d, afirma.<\/p>\n<p>Participaram, ainda, do debate, a diretora do programa Fica Vivo!, Michele Duarte, e a defensora p\u00fablica da inf\u00e2ncia e adolesc\u00eancia, Dra. Let\u00edcia Cunha, durante a mesa \u201cOlhares sobre a Juventude\u201d, al\u00e9m de integrantes do programa Fica Vivo! e representantes do Conselho Municipal da Crian\u00e7a e Adolescente e Conselho Municipal da Juventude.<\/p>\n<p>O F\u00f3rum Municipal \u201cCriminaliza\u00e7\u00e3o da Juventude \u2013 do que estamos falando?\u201d \u00e9 uma realiza\u00e7\u00e3o do Centro de Preven\u00e7\u00e3o \u00e0 Criminalidade de Ipatinga, em parceria com a Prefeitura de Ipatinga, atrav\u00e9s da Secretaria Municipal de Assist\u00eancia Social e da Secretaria Municipal de Conviv\u00eancia Cidad\u00e3. As informa\u00e7\u00f5es s\u00e3o da <strong>Ag\u00eancia Minas<\/strong>.<\/p>\n","protected":false},"excerpt":{"rendered":"<p>O objetivo do encontro \u00e9 promover a reflex\u00e3o e a problematiza\u00e7\u00e3o do tema, estabelecendo estrat\u00e9gias em investimentos e pol\u00edticas p\u00fablicas e interven\u00e7\u00f5es direcionadas a este p\u00fablico Para discutir a quest\u00e3o da criminalidade entre a juventude da regi\u00e3o de Ipatinga e estimular a participa\u00e7\u00e3o da sociedade na preven\u00e7\u00e3o de ocorr\u00eancias que envolvam jovens, o Centro de [&hellip;]<\/p>\n","protected":false},"author":1,"featured_media":32926,"comment_status":"open","ping_status":"closed","sticky":false,"template":"","format":"standard","meta":{"amp_status":"","footnotes":""},"categories":[121],"tags":[23645,23646,23644,201],"class_list":["post-45917","post","type-post","status-publish","format-standard","has-post-thumbnail","hentry","category-leste","tag-criminalizacao-da-juventude","tag-criminalizacao-da-juventude-do-que-estamos-falando","tag-forum-municipal-discute-a-criminalizacao-da-juventude-em-ipatinga","tag-ipatinga"],"_links":{"self":[{"href":"https:\/\/aconteceunovale.com.br\/portal\/index.php?rest_route=\/wp\/v2\/posts\/45917","targetHints":{"allow":["GET"]}}],"collection":[{"href":"https:\/\/aconteceunovale.com.br\/portal\/index.php?rest_route=\/wp\/v2\/posts"}],"about":[{"href":"https:\/\/aconteceunovale.com.br\/portal\/index.php?rest_route=\/wp\/v2\/types\/post"}],"author":[{"embeddable":true,"href":"https:\/\/aconteceunovale.com.br\/portal\/index.php?rest_route=\/wp\/v2\/users\/1"}],"replies":[{"embeddable":true,"href":"https:\/\/aconteceunovale.com.br\/portal\/index.php?rest_route=%2Fwp%2Fv2%2Fcomments&post=45917"}],"version-history":[{"count":0,"href":"https:\/\/aconteceunovale.com.br\/portal\/index.php?rest_route=\/wp\/v2\/posts\/45917\/revisions"}],"wp:featuredmedia":[{"embeddable":true,"href":"https:\/\/aconteceunovale.com.br\/portal\/index.php?rest_route=\/wp\/v2\/media\/32926"}],"wp:attachment":[{"href":"https:\/\/aconteceunovale.com.br\/portal\/index.php?rest_route=%2Fwp%2Fv2%2Fmedia&parent=45917"}],"wp:term":[{"taxonomy":"category","embeddable":true,"href":"https:\/\/aconteceunovale.com.br\/portal\/index.php?rest_route=%2Fwp%2Fv2%2Fcategories&post=45917"},{"taxonomy":"post_tag","embeddable":true,"href":"https:\/\/aconteceunovale.com.br\/portal\/index.php?rest_route=%2Fwp%2Fv2%2Ftags&post=45917"}],"curies":[{"name":"wp","href":"https:\/\/api.w.org\/{rel}","templated":true}]}}