{"id":45912,"date":"2014-11-20T20:12:32","date_gmt":"2014-11-20T23:12:32","guid":{"rendered":"http:\/\/aconteceunovale.com.br\/portal\/?p=45912"},"modified":"2014-11-20T20:12:32","modified_gmt":"2014-11-20T23:12:32","slug":"homem-morre-e-mulher-fica-ferida-em-acidente-proximo-a-janauba","status":"publish","type":"post","link":"https:\/\/aconteceunovale.com.br\/portal\/?p=45912","title":{"rendered":"Homem morre e mulher fica ferida em acidente pr\u00f3ximo a Jana\u00faba"},"content":{"rendered":"<h4><strong><em>Acidente ocorreu entre os distritos de Quem-quem e Barroquinha. Passageira de um dos ve\u00edculos fraturou um bra\u00e7o.<\/em><\/strong><\/h4>\n<p>Uma homem morreu e uma mulher ficou ferida em um acidente na tarde desta quinta-feira, 20 de novembro, na MG-122, em Jana\u00faba, no Norte de Minas Gerais. De acordo com o Corpo de Bombeiros, dois ve\u00edculos se envolveram no acidente entre os distritos de Quem-quem e Barroquinha.<\/p>\n<p><img decoding=\"async\" src=\"http:\/\/aconteceunovale.com.br\/portal\/wp-content\/uploads\/2014\/11\/acidente_janauba1.jpg\" alt=\"\" \/><em>Motorista de um ve\u00edculo com placas de Itaquaquecetuba morreu no local (Foto: Corpo de Bombeiros)<\/em><br \/>\n<\/br><\/p>\n<p>O motorista de uma pick-up, com placas de Montes Claros, disse aos militares que trafegava sentido a Montes Claros quando percebeu que um ve\u00edculo que vinha no sentido contr\u00e1rio invadiu a contram\u00e3o de dire\u00e7\u00e3o. Ao tentar desviar, ele perdeu o controle da dire\u00e7\u00e3o e capotou no acostamento, mas n\u00e3o sofreu ferimentos.<\/p>\n<p>Ainda de acordo com os bombeiros, o outro ve\u00edculo, com placas de Itaquaquecetuba (SP), atingiu um barranco \u00e0s margens da rodovia. O motorista, de 41 anos, morreu no local. Uma mulher, que tamb\u00e9m viajava no mesmo ve\u00edculo, teve escoria\u00e7\u00f5es e fraturou o bra\u00e7o esquerdo. Ela foi socorrida pelo Samu e encaminhada ao hospital. (G1)<\/p>\n","protected":false},"excerpt":{"rendered":"<p>Acidente ocorreu entre os distritos de Quem-quem e Barroquinha. Passageira de um dos ve\u00edculos fraturou um bra\u00e7o. Uma homem morreu e uma mulher ficou ferida em um acidente na tarde desta quinta-feira, 20 de novembro, na MG-122, em Jana\u00faba, no Norte de Minas Gerais. De acordo com o Corpo de Bombeiros, dois ve\u00edculos se envolveram [&hellip;]<\/p>\n","protected":false},"author":1,"featured_media":45913,"comment_status":"open","ping_status":"closed","sticky":false,"template":"","format":"standard","meta":{"amp_status":"","footnotes":""},"categories":[1236],"tags":[23640,23641,9852,23642,23643,10181,204,210],"class_list":["post-45912","post","type-post","status-publish","format-standard","has-post-thumbnail","hentry","category-norte_de_minas","tag-acidente-com-carro-de-itaquaquecetuba","tag-acidente-com-carro-de-montes-claros","tag-acidente-em-janauba","tag-acidente-entre-quem-quem-e-barroquinha","tag-homem-morre-e-mulher-fica-ferida-em-acidente-proximo-a-janauba","tag-itaquaquecetuba","tag-janauba","tag-montes-claros"],"_links":{"self":[{"href":"https:\/\/aconteceunovale.com.br\/portal\/index.php?rest_route=\/wp\/v2\/posts\/45912","targetHints":{"allow":["GET"]}}],"collection":[{"href":"https:\/\/aconteceunovale.com.br\/portal\/index.php?rest_route=\/wp\/v2\/posts"}],"about":[{"href":"https:\/\/aconteceunovale.com.br\/portal\/index.php?rest_route=\/wp\/v2\/types\/post"}],"author":[{"embeddable":true,"href":"https:\/\/aconteceunovale.com.br\/portal\/index.php?rest_route=\/wp\/v2\/users\/1"}],"replies":[{"embeddable":true,"href":"https:\/\/aconteceunovale.com.br\/portal\/index.php?rest_route=%2Fwp%2Fv2%2Fcomments&post=45912"}],"version-history":[{"count":0,"href":"https:\/\/aconteceunovale.com.br\/portal\/index.php?rest_route=\/wp\/v2\/posts\/45912\/revisions"}],"wp:featuredmedia":[{"embeddable":true,"href":"https:\/\/aconteceunovale.com.br\/portal\/index.php?rest_route=\/wp\/v2\/media\/45913"}],"wp:attachment":[{"href":"https:\/\/aconteceunovale.com.br\/portal\/index.php?rest_route=%2Fwp%2Fv2%2Fmedia&parent=45912"}],"wp:term":[{"taxonomy":"category","embeddable":true,"href":"https:\/\/aconteceunovale.com.br\/portal\/index.php?rest_route=%2Fwp%2Fv2%2Fcategories&post=45912"},{"taxonomy":"post_tag","embeddable":true,"href":"https:\/\/aconteceunovale.com.br\/portal\/index.php?rest_route=%2Fwp%2Fv2%2Ftags&post=45912"}],"curies":[{"name":"wp","href":"https:\/\/api.w.org\/{rel}","templated":true}]}}