{"id":45909,"date":"2014-11-20T20:07:10","date_gmt":"2014-11-20T23:07:10","guid":{"rendered":"http:\/\/aconteceunovale.com.br\/portal\/?p=45909"},"modified":"2014-11-20T20:07:10","modified_gmt":"2014-11-20T23:07:10","slug":"policia-procura-detento-que-fugiu-da-penitenciaria-de-governador-valadares","status":"publish","type":"post","link":"https:\/\/aconteceunovale.com.br\/portal\/?p=45909","title":{"rendered":"Pol\u00edcia procura detento que fugiu da penitenci\u00e1ria de Governador Valadares"},"content":{"rendered":"<h4><em><strong>Fuga aconteceu na manh\u00e3 desta quinta-feira (20). Suapi instaurou Procedimento Interno para apurar as circunst\u00e2ncias da fuga.<\/strong><\/em><\/h4>\n<p>[image src=&#8221;http:\/\/aconteceunovale.com.br\/portal\/wp-content\/uploads\/2014\/11\/fugitivo_gv.jpg&#8221; width=&#8221;250&#8243; height=&#8221;320&#8243; lightbox=&#8221;yes&#8221; align=&#8221;left&#8221; float=&#8221;left&#8221;]A pol\u00edcia procura por um detento que fugiu na manh\u00e3 desta quinta-feira, 20 de novembro, da Penitenci\u00e1ria Francisco Floriano de Paula, em Governador Valadares, no Leste de Minas. Segundo informa\u00e7\u00f5es que constam no Registro de Ocorr\u00eancia (BO) da Pol\u00edcia Militar, Di\u00f3genes Severino dos Anjos, de 24 anos, fugiu enquanto era conduzido para um pavilh\u00e3o.<\/p>\n<p>Ele estava sendo levado para cumprir procedimentos internos quando aproveitou o instante em que ficou s\u00f3 com um agente penitenci\u00e1rio para se soltar das algemas e fugir pulando alguns alambrados. Ainda segundo a PM, Di\u00f3genes Severino foi visto pr\u00f3ximo a Vinh\u00e1tico, distrito de Governador Valadares.<\/p>\n<p>A Subsecretaria de Administra\u00e7\u00e3o Prisional (Suapi) informou por meio de nota que \u201ca unidade prisional acionou a Pol\u00edcia Militar para registrar a ocorr\u00eancia e instaurou um Procedimento Interno para apurar as circunst\u00e2ncias do ocorrido e, inclusive, se houve facilita\u00e7\u00e3o por parte dos agentes. A Pol\u00edcia Civil investigar\u00e1 o caso. O preso continua foragido. A unidade segue sua rotina normal\u201d, diz a nota. (G1)<\/p>\n","protected":false},"excerpt":{"rendered":"<p>Fuga aconteceu na manh\u00e3 desta quinta-feira (20). Suapi instaurou Procedimento Interno para apurar as circunst\u00e2ncias da fuga. [image src=&#8221;http:\/\/aconteceunovale.com.br\/portal\/wp-content\/uploads\/2014\/11\/fugitivo_gv.jpg&#8221; width=&#8221;250&#8243; height=&#8221;320&#8243; lightbox=&#8221;yes&#8221; align=&#8221;left&#8221; float=&#8221;left&#8221;]A pol\u00edcia procura por um detento que fugiu na manh\u00e3 desta quinta-feira, 20 de novembro, da Penitenci\u00e1ria Francisco Floriano de Paula, em Governador Valadares, no Leste de Minas. Segundo informa\u00e7\u00f5es que constam [&hellip;]<\/p>\n","protected":false},"author":1,"featured_media":45910,"comment_status":"open","ping_status":"closed","sticky":false,"template":"","format":"standard","meta":{"amp_status":"","footnotes":""},"categories":[121],"tags":[23636,247,19123,23639,23638,23637],"class_list":["post-45909","post","type-post","status-publish","format-standard","has-post-thumbnail","hentry","category-leste","tag-diogenes-severino-dos-anjos","tag-governador-valadares","tag-penitenciaria-francisco-floriano-de-paula","tag-policia-procura-detento-que-fugiu-da-penitenciaria-de-governador-valadares","tag-suapi","tag-subsecretaria-de-administracao-prisional"],"_links":{"self":[{"href":"https:\/\/aconteceunovale.com.br\/portal\/index.php?rest_route=\/wp\/v2\/posts\/45909","targetHints":{"allow":["GET"]}}],"collection":[{"href":"https:\/\/aconteceunovale.com.br\/portal\/index.php?rest_route=\/wp\/v2\/posts"}],"about":[{"href":"https:\/\/aconteceunovale.com.br\/portal\/index.php?rest_route=\/wp\/v2\/types\/post"}],"author":[{"embeddable":true,"href":"https:\/\/aconteceunovale.com.br\/portal\/index.php?rest_route=\/wp\/v2\/users\/1"}],"replies":[{"embeddable":true,"href":"https:\/\/aconteceunovale.com.br\/portal\/index.php?rest_route=%2Fwp%2Fv2%2Fcomments&post=45909"}],"version-history":[{"count":0,"href":"https:\/\/aconteceunovale.com.br\/portal\/index.php?rest_route=\/wp\/v2\/posts\/45909\/revisions"}],"wp:featuredmedia":[{"embeddable":true,"href":"https:\/\/aconteceunovale.com.br\/portal\/index.php?rest_route=\/wp\/v2\/media\/45910"}],"wp:attachment":[{"href":"https:\/\/aconteceunovale.com.br\/portal\/index.php?rest_route=%2Fwp%2Fv2%2Fmedia&parent=45909"}],"wp:term":[{"taxonomy":"category","embeddable":true,"href":"https:\/\/aconteceunovale.com.br\/portal\/index.php?rest_route=%2Fwp%2Fv2%2Fcategories&post=45909"},{"taxonomy":"post_tag","embeddable":true,"href":"https:\/\/aconteceunovale.com.br\/portal\/index.php?rest_route=%2Fwp%2Fv2%2Ftags&post=45909"}],"curies":[{"name":"wp","href":"https:\/\/api.w.org\/{rel}","templated":true}]}}