{"id":45901,"date":"2014-11-20T19:32:47","date_gmt":"2014-11-20T22:32:47","guid":{"rendered":"http:\/\/aconteceunovale.com.br\/portal\/?p=45901"},"modified":"2014-11-20T19:32:47","modified_gmt":"2014-11-20T22:32:47","slug":"carga-e-saqueada-apos-carreta-tombar-na-br-116-na-serra-do-honorio","status":"publish","type":"post","link":"https:\/\/aconteceunovale.com.br\/portal\/?p=45901","title":{"rendered":"Carga \u00e9 saqueada ap\u00f3s carreta tombar na BR-116, na Serra do Hon\u00f3rio"},"content":{"rendered":"<h4><em><strong>Carreta seguia de S\u00e3o Paulo para Salvador. Motorista sofreu ferimentos leves.<\/strong><\/em><\/h4>\n<p>A carga de uma carreta foi saqueada no fim da tarde desta quinta-feira, 20 de novembro, na BR-116, na altura da Serra do Hon\u00f3rio, na microrregi\u00e3o de Te\u00f3filo Otoni, no Vale do Mucuri. De acordo com informa\u00e7\u00f5es da Pol\u00edcia Rodovi\u00e1ria Federal, o ve\u00edculo seguia de S\u00e3o Paulo para Salvador, quando o motorista perdeu o controle da dire\u00e7\u00e3o em uma curva e capotou.<\/p>\n<p><img decoding=\"async\" src=\"http:\/\/aconteceunovale.com.br\/portal\/wp-content\/uploads\/2014\/11\/carga_saqueada_teo_20_1.jpg\" alt=\"\" \/><em>Quase toda a carga foi saqueada (Foto: Cristiano Dias\/Inter TV dos Vales)<\/em><br \/>\n<\/br><\/p>\n<p>Ainda segundo a PRF, o motorista teve apenas ferimentos leves e foi encaminhado para a Unidade de Pronto Atendimento (UPA) em Te\u00f3filo Otoni. A velocidade m\u00e1xima permitida no trecho BR-116 onde o acidente aconteceu \u00e9 de 60 km\/h. De acordo com a PRF, o excesso de velocidade pode ter causado o acidente.<\/p>\n<p>Quase toda a carga foi toda saqueada por pessoas que passavam pelo local no momento do acidente. O tr\u00e2nsito fluiu em meia pista at\u00e9 a remo\u00e7\u00e3o do ve\u00edculo.<\/p>\n<p><img decoding=\"async\" src=\"http:\/\/aconteceunovale.com.br\/portal\/wp-content\/uploads\/2014\/11\/carga_saqueada_teo_20_2.jpg\" alt=\"\" \/><em>Acidente aconteceu na Serra do Hon\u00f3rio (Foto: Cristiano Dias\/Inter TV dos Vales)<\/em><br \/>\n<\/br><\/p>\n<p><em><strong>(Inter TV dos Vales)<\/strong><\/em><\/p>\n","protected":false},"excerpt":{"rendered":"<p>Carreta seguia de S\u00e3o Paulo para Salvador. Motorista sofreu ferimentos leves. A carga de uma carreta foi saqueada no fim da tarde desta quinta-feira, 20 de novembro, na BR-116, na altura da Serra do Hon\u00f3rio, na microrregi\u00e3o de Te\u00f3filo Otoni, no Vale do Mucuri. De acordo com informa\u00e7\u00f5es da Pol\u00edcia Rodovi\u00e1ria Federal, o ve\u00edculo seguia [&hellip;]<\/p>\n","protected":false},"author":1,"featured_media":45903,"comment_status":"open","ping_status":"closed","sticky":false,"template":"","format":"standard","meta":{"amp_status":"","footnotes":""},"categories":[122],"tags":[23626,23628,660,1018,6531,2382,23627,164],"class_list":["post-45901","post","type-post","status-publish","format-standard","has-post-thumbnail","hentry","category-mucuri","tag-carga-e-saqueada-apos-carreta-tombar-na-br-116","tag-carga-e-saqueada-apos-carreta-tombar-na-br-116-proximo-a-catuji","tag-catuji","tag-destaque","tag-salvador","tag-sao-paulo","tag-serra-do-honorio","tag-teofilo-otoni"],"_links":{"self":[{"href":"https:\/\/aconteceunovale.com.br\/portal\/index.php?rest_route=\/wp\/v2\/posts\/45901","targetHints":{"allow":["GET"]}}],"collection":[{"href":"https:\/\/aconteceunovale.com.br\/portal\/index.php?rest_route=\/wp\/v2\/posts"}],"about":[{"href":"https:\/\/aconteceunovale.com.br\/portal\/index.php?rest_route=\/wp\/v2\/types\/post"}],"author":[{"embeddable":true,"href":"https:\/\/aconteceunovale.com.br\/portal\/index.php?rest_route=\/wp\/v2\/users\/1"}],"replies":[{"embeddable":true,"href":"https:\/\/aconteceunovale.com.br\/portal\/index.php?rest_route=%2Fwp%2Fv2%2Fcomments&post=45901"}],"version-history":[{"count":0,"href":"https:\/\/aconteceunovale.com.br\/portal\/index.php?rest_route=\/wp\/v2\/posts\/45901\/revisions"}],"wp:featuredmedia":[{"embeddable":true,"href":"https:\/\/aconteceunovale.com.br\/portal\/index.php?rest_route=\/wp\/v2\/media\/45903"}],"wp:attachment":[{"href":"https:\/\/aconteceunovale.com.br\/portal\/index.php?rest_route=%2Fwp%2Fv2%2Fmedia&parent=45901"}],"wp:term":[{"taxonomy":"category","embeddable":true,"href":"https:\/\/aconteceunovale.com.br\/portal\/index.php?rest_route=%2Fwp%2Fv2%2Fcategories&post=45901"},{"taxonomy":"post_tag","embeddable":true,"href":"https:\/\/aconteceunovale.com.br\/portal\/index.php?rest_route=%2Fwp%2Fv2%2Ftags&post=45901"}],"curies":[{"name":"wp","href":"https:\/\/api.w.org\/{rel}","templated":true}]}}