{"id":45875,"date":"2014-11-20T14:08:07","date_gmt":"2014-11-20T17:08:07","guid":{"rendered":"http:\/\/aconteceunovale.com.br\/portal\/?p=45875"},"modified":"2014-11-20T14:08:46","modified_gmt":"2014-11-20T17:08:46","slug":"duas-carretas-carregadas-de-eucalipto-tombam-na-rodovia-entre-teofilo-otoni-e-nanuque","status":"publish","type":"post","link":"https:\/\/aconteceunovale.com.br\/portal\/?p=45875","title":{"rendered":"Duas carretas carregadas de eucalipto tombam na rodovia entre Te\u00f3filo Otoni e Nanuque"},"content":{"rendered":"<h4><strong><em>Acidentes aconteceram na BR-418, a 35 quil\u00f4metros de Te\u00f3filo Otoni. Em menos de 24 horas, foram registrados tr\u00eas acidentes envolvendo carretas de eucalipto na rodovia.<\/em><\/strong><\/h4>\n<p>Duas carretas carregadas de eucalipto tombaram na manh\u00e3 desta quinta-feira, 20 de novembro, na rodovia BR-418, entre os munic\u00edpios de Te\u00f3filo Otoni e Nanuque, no Vale do Mucuri. De acordo com informa\u00e7\u00f5es Pol\u00edcia Rodovi\u00e1ria Estadual, os dois acidentes aconteceram em um curto intervalo de tempo e a 2 quil\u00f4metros de dist\u00e2ncia um do outro. Por sorte, ningu\u00e9m se feriu.<\/p>\n<p><img decoding=\"async\" src=\"http:\/\/aconteceunovale.com.br\/portal\/wp-content\/uploads\/2014\/11\/acidente_teo_nanuque_1.jpg\" alt=\"\" \/><em>Uma das carretas pegou fogo ap\u00f3s o acidente ?(Foto: Cristiano Dias\/Inter TV dos Vales)<\/em><br \/>\n<\/br><\/p>\n<p>O primeiro acidente aconteceu por volta das 8h30, no quil\u00f4metro 20 da rodovia, a 35 km de Te\u00f3filo Otoni. Segundo a pol\u00edcia, o motorista disse que ao tentar frear a carreta, ao se aproximar de uma curva, perdeu o controle do ve\u00edculo que tombou e pegou fogo. Ele foi retirado da cabine da carreta por outros motoristas que passavam pelo local, sem ferimentos.<\/p>\n<p>A carreta ficou tombada na pista contr\u00e1ria e o tr\u00e2nsito fluiu apenas em meia pista. O Corpo de Bombeiros esteve no local e apagou as chamas.<\/p>\n<p>Cerca de duas horas depois, dois quil\u00f4metros antes de onde o primeiro acidente aconteceu, outra carreta, tamb\u00e9m carregada de eucalipto, tombou na rodovia. De acordo com o motorista ele perdeu o controle da dire\u00e7\u00e3o. A carga ficou espalhada na pista e o tr\u00e2nsito ficou lento no local.<\/p>\n<h4>Acidentes frequentes<\/h4>\n<p>Os acidentes envolvendo carretas utilizadas para transporte de eucalipto s\u00e3o frequentes nas rodovias da regi\u00e3o. Em menos de 24 horas, foram registrados tr\u00eas ocorr\u00eancias. Na manh\u00e3 de ontem (19), Ant\u00f4nio Alves Caldeira Neto, de 39 anos, morador de Governador Valadares, morreu na altura do quil\u00f4metro 150 da BR-418, ap\u00f3s capotar o ve\u00edculo que conduzia na tentativa de desviar de um bi-trem.<\/p>\n<p>De acordo com a Pol\u00edcia Rodovi\u00e1ria Estadual, testemunhas relataram que o motorista da carreta teria perdido o controle da dire\u00e7\u00e3o e invadido a pista contr\u00e1ria em uma curva. Na tentativa de desviar, o condutor do ve\u00edculo Fiorino saiu da pista e capotou. A v\u00edtima n\u00e3o resistiu aos graves ferimentos e morreu no local. O caminhoneiro ficou ferido e foi encaminhado para atendimento m\u00e9dico em Te\u00f3filo Otoni.<\/p>\n<p><img decoding=\"async\" src=\"http:\/\/aconteceunovale.com.br\/portal\/wp-content\/uploads\/2014\/11\/acidente_teo_19_1.jpg\" alt=\"\" \/>Motorista do ve\u00edculo Fiorino morreu no local \u2013 Foto: IML de Te\u00f3filo Otoni\/Divulga\u00e7\u00e3o<br \/>\n<\/br><\/p>\n<p>As informa\u00e7\u00f5es s\u00e3o da <strong>Inter TV dos Vales<\/strong> e da reda\u00e7\u00e3o do <strong>Portal Aconteceu no Vale<\/strong>.<\/p>\n","protected":false},"excerpt":{"rendered":"<p>Acidentes aconteceram na BR-418, a 35 quil\u00f4metros de Te\u00f3filo Otoni. Em menos de 24 horas, foram registrados tr\u00eas acidentes envolvendo carretas de eucalipto na rodovia. Duas carretas carregadas de eucalipto tombaram na manh\u00e3 desta quinta-feira, 20 de novembro, na rodovia BR-418, entre os munic\u00edpios de Te\u00f3filo Otoni e Nanuque, no Vale do Mucuri. De acordo [&hellip;]<\/p>\n","protected":false},"author":1,"featured_media":45876,"comment_status":"open","ping_status":"closed","sticky":false,"template":"","format":"standard","meta":{"amp_status":"","footnotes":""},"categories":[122],"tags":[14917,23596,23502,183,1018,23595,247,252,164],"class_list":["post-45875","post","type-post","status-publish","format-standard","has-post-thumbnail","hentry","category-mucuri","tag-acidentes-com-carretas-de-eucalipto","tag-acidentes-envolvendo-carretas-de-eucalipto","tag-antonio-alves-caldeira-neto","tag-ataleia","tag-destaque","tag-duas-carretas-carregadas-de-eucalipto-tombam-na-rodovia-entre-teofilo-otoni-e-nanuque","tag-governador-valadares","tag-nanuque","tag-teofilo-otoni"],"_links":{"self":[{"href":"https:\/\/aconteceunovale.com.br\/portal\/index.php?rest_route=\/wp\/v2\/posts\/45875","targetHints":{"allow":["GET"]}}],"collection":[{"href":"https:\/\/aconteceunovale.com.br\/portal\/index.php?rest_route=\/wp\/v2\/posts"}],"about":[{"href":"https:\/\/aconteceunovale.com.br\/portal\/index.php?rest_route=\/wp\/v2\/types\/post"}],"author":[{"embeddable":true,"href":"https:\/\/aconteceunovale.com.br\/portal\/index.php?rest_route=\/wp\/v2\/users\/1"}],"replies":[{"embeddable":true,"href":"https:\/\/aconteceunovale.com.br\/portal\/index.php?rest_route=%2Fwp%2Fv2%2Fcomments&post=45875"}],"version-history":[{"count":0,"href":"https:\/\/aconteceunovale.com.br\/portal\/index.php?rest_route=\/wp\/v2\/posts\/45875\/revisions"}],"wp:featuredmedia":[{"embeddable":true,"href":"https:\/\/aconteceunovale.com.br\/portal\/index.php?rest_route=\/wp\/v2\/media\/45876"}],"wp:attachment":[{"href":"https:\/\/aconteceunovale.com.br\/portal\/index.php?rest_route=%2Fwp%2Fv2%2Fmedia&parent=45875"}],"wp:term":[{"taxonomy":"category","embeddable":true,"href":"https:\/\/aconteceunovale.com.br\/portal\/index.php?rest_route=%2Fwp%2Fv2%2Fcategories&post=45875"},{"taxonomy":"post_tag","embeddable":true,"href":"https:\/\/aconteceunovale.com.br\/portal\/index.php?rest_route=%2Fwp%2Fv2%2Ftags&post=45875"}],"curies":[{"name":"wp","href":"https:\/\/api.w.org\/{rel}","templated":true}]}}