{"id":45872,"date":"2014-11-20T13:30:56","date_gmt":"2014-11-20T16:30:56","guid":{"rendered":"http:\/\/aconteceunovale.com.br\/portal\/?p=45872"},"modified":"2014-11-21T15:14:46","modified_gmt":"2014-11-21T18:14:46","slug":"presos-rendem-carcereiro-e-fogem-da-cadeia-de-rio-pardo-de-minas","status":"publish","type":"post","link":"https:\/\/aconteceunovale.com.br\/portal\/?p=45872","title":{"rendered":"Presos rendem carcereiro e fogem da cadeia de Rio Pardo de Minas"},"content":{"rendered":"<h4><em><strong>Presos serraram a grade e renderam o carcereiro. Um dos fugitivos ainda n\u00e3o foi localizado.<\/strong><\/em><\/h4>\n<p>A Pol\u00edcia procura por detento que fugiu na noite desta quarta-feira, 19 de novembro, da Cadeia P\u00fablica de Rio Pardo de Minas, no norte do estado. <\/p>\n<p>De acordo com informa\u00e7\u00f5es, por volta das 23 horas, ap\u00f3s serrarem as grades, um preso simulou estar doente e no momento em que o carcereiro foi averiguar a situa\u00e7\u00e3o, tr\u00eas indiv\u00edduos o rendeu e fugiram pela porta da frente da unidade prisional.<\/p>\n<p><img decoding=\"async\" src=\"http:\/\/aconteceunovale.com.br\/portal\/wp-content\/uploads\/2014\/11\/fugitivo_rio_pardo.jpg\" alt=\"\" \/><em>Valdenor Soares de Souza continua foragido &#8211; Foto: Divulga\u00e7\u00e3o<\/em><br \/>\n<\/br><\/p>\n<p>Imediatamente, as for\u00e7as policiais foram acionadas. Um dos fugitivos se arrependeu e retornou a pris\u00e3o. Cosme Teixeira, de Montezuma, foi capturado momentos ap\u00f3s a fuga.<\/p>\n<p>J\u00e1 Valdenor Soares de Souza, n\u00e3o tinha sido encontrado at\u00e9 o in\u00edcio da tarde desta quinta-feira (20). O foragido, que \u00e9 da cidade de Montezuma, foi condenado a anos de pris\u00e3o por tr\u00e1fico de drogas.<\/p>\n<p>Rastreamentos continuam na regi\u00e3o com intuito de localizar o criminoso. Informa\u00e7\u00f5es sobre o seu paradeiro podem ser passadas atrav\u00e9s dos n\u00fameros 181 ou 190. Voc\u00ea n\u00e3o precisa se identificar. As informa\u00e7\u00f5es s\u00e3o do <strong>Jornal Folha Regional<\/strong>.<\/p>\n","protected":false},"excerpt":{"rendered":"<p>Presos serraram a grade e renderam o carcereiro. Um dos fugitivos ainda n\u00e3o foi localizado. A Pol\u00edcia procura por detento que fugiu na noite desta quarta-feira, 19 de novembro, da Cadeia P\u00fablica de Rio Pardo de Minas, no norte do estado. De acordo com informa\u00e7\u00f5es, por volta das 23 horas, ap\u00f3s serrarem as grades, um [&hellip;]<\/p>\n","protected":false},"author":1,"featured_media":45873,"comment_status":"open","ping_status":"closed","sticky":false,"template":"","format":"standard","meta":{"amp_status":"","footnotes":""},"categories":[1236],"tags":[23593,1009,23594,421,23592],"class_list":["post-45872","post","type-post","status-publish","format-standard","has-post-thumbnail","hentry","category-norte_de_minas","tag-cosme-teixeira","tag-montezuma","tag-presos-rendem-carcereiro-e-fogem-da-cadeia-de-rio-pardo-de-minas","tag-rio-pardo-de-minas","tag-valdenor-soares-de-souza"],"_links":{"self":[{"href":"https:\/\/aconteceunovale.com.br\/portal\/index.php?rest_route=\/wp\/v2\/posts\/45872","targetHints":{"allow":["GET"]}}],"collection":[{"href":"https:\/\/aconteceunovale.com.br\/portal\/index.php?rest_route=\/wp\/v2\/posts"}],"about":[{"href":"https:\/\/aconteceunovale.com.br\/portal\/index.php?rest_route=\/wp\/v2\/types\/post"}],"author":[{"embeddable":true,"href":"https:\/\/aconteceunovale.com.br\/portal\/index.php?rest_route=\/wp\/v2\/users\/1"}],"replies":[{"embeddable":true,"href":"https:\/\/aconteceunovale.com.br\/portal\/index.php?rest_route=%2Fwp%2Fv2%2Fcomments&post=45872"}],"version-history":[{"count":0,"href":"https:\/\/aconteceunovale.com.br\/portal\/index.php?rest_route=\/wp\/v2\/posts\/45872\/revisions"}],"wp:featuredmedia":[{"embeddable":true,"href":"https:\/\/aconteceunovale.com.br\/portal\/index.php?rest_route=\/wp\/v2\/media\/45873"}],"wp:attachment":[{"href":"https:\/\/aconteceunovale.com.br\/portal\/index.php?rest_route=%2Fwp%2Fv2%2Fmedia&parent=45872"}],"wp:term":[{"taxonomy":"category","embeddable":true,"href":"https:\/\/aconteceunovale.com.br\/portal\/index.php?rest_route=%2Fwp%2Fv2%2Fcategories&post=45872"},{"taxonomy":"post_tag","embeddable":true,"href":"https:\/\/aconteceunovale.com.br\/portal\/index.php?rest_route=%2Fwp%2Fv2%2Ftags&post=45872"}],"curies":[{"name":"wp","href":"https:\/\/api.w.org\/{rel}","templated":true}]}}