{"id":45867,"date":"2014-11-20T13:07:26","date_gmt":"2014-11-20T16:07:26","guid":{"rendered":"http:\/\/aconteceunovale.com.br\/portal\/?p=45867"},"modified":"2014-11-20T13:07:26","modified_gmt":"2014-11-20T16:07:26","slug":"batida-entre-carro-e-vam-deixa-um-morto-e-seis-feridos-na-mg-129","status":"publish","type":"post","link":"https:\/\/aconteceunovale.com.br\/portal\/?p=45867","title":{"rendered":"Batida entre carro e vam deixa um morto e seis feridos na MG-129"},"content":{"rendered":"<p><em><\/p>\n<h4><strong>Ve\u00edculos colidiram frontalmente na MG-129. Uma pessoa morreu no local e outras seis ficaram feridas.<\/strong><\/h4>\n<p><\/em><\/p>\n<p>Um grave acidente envolvendo um carro de passeio e um ve\u00edculo coletivo deixou um morto e seis feridos na manh\u00e3 desta quinta-feira, 20 de novembro, na altura do quil\u00f4metro 111 da MG-129, no munic\u00edpio de Mariana, na regi\u00e3o Central do Estado de Minas Gerais. <\/p>\n<p><img decoding=\"async\" src=\"http:\/\/aconteceunovale.com.br\/portal\/wp-content\/uploads\/2014\/11\/acidente_mariana_20_1.jpg\" alt=\"\" \/><em>Acidente aconteceu na altura do quil\u00f4metro 111 da MG-129 &#8211; Foto: Divulga\u00e7\u00e3o\/PMMG<\/em><br \/>\n<\/br><\/p>\n<p>Segundo informa\u00e7\u00f5es da Pol\u00edcia Militar Rodovi\u00e1ria, a colis\u00e3o frontal entre os dois ve\u00edculos foi registrada por volta das 9 horas da manh\u00e3. Com o impacto da batida, Gerson Geraldo Martins, de 49 anos, ocupante do Fiat Palio, n\u00e3o resistiu aos graves ferimentos e morreu no local.<\/p>\n<p>Outras seis pessoas ficaram feridas e foram encaminhadas para atendimento m\u00e9dico no Hospital Monsenhor Horta, em Mariana. <\/p>\n<p>As causas do acidente ainda n\u00e3o foram esclarecidas pela Pol\u00edcia. A per\u00edcia t\u00e9cnica da Pol\u00edcia Civil foi acionada para os trabalhos de praxe.<\/p>\n<p><img decoding=\"async\" src=\"http:\/\/aconteceunovale.com.br\/portal\/wp-content\/uploads\/2014\/11\/acidente_mariana_20_2.jpg\" alt=\"\" \/><em>Acidente aconteceu na altura do quil\u00f4metro 111 da MG-129 &#8211; Foto: Divulga\u00e7\u00e3o\/PMMG<\/em><br \/>\n<\/br><\/p>\n<p><img decoding=\"async\" src=\"http:\/\/aconteceunovale.com.br\/portal\/wp-content\/uploads\/2014\/11\/acidente_mariana_20_3.jpg\" alt=\"\" \/><em>Acidente aconteceu na altura do quil\u00f4metro 111 da MG-129 &#8211; Foto: Divulga\u00e7\u00e3o\/PMMG<\/em><\/p>\n","protected":false},"excerpt":{"rendered":"<p>Ve\u00edculos colidiram frontalmente na MG-129. Uma pessoa morreu no local e outras seis ficaram feridas. Um grave acidente envolvendo um carro de passeio e um ve\u00edculo coletivo deixou um morto e seis feridos na manh\u00e3 desta quinta-feira, 20 de novembro, na altura do quil\u00f4metro 111 da MG-129, no munic\u00edpio de Mariana, na regi\u00e3o Central do [&hellip;]<\/p>\n","protected":false},"author":1,"featured_media":45868,"comment_status":"open","ping_status":"closed","sticky":false,"template":"","format":"standard","meta":{"amp_status":"","footnotes":""},"categories":[123],"tags":[23585,23588,23587,23586,23591,23590,23589],"class_list":["post-45867","post","type-post","status-publish","format-standard","has-post-thumbnail","hentry","category-gerais","tag-acidente-em-mariana","tag-acidente-na-mg-129","tag-acidente-perto-de-mariana","tag-acidente-proximo-a-mariana","tag-batida-entre-carro-e-vam-deixa-um-morto-e-seis-feridos-em-mariana","tag-batida-entre-carro-e-vam-deixa-um-morto-e-seis-feridos-na-mg-129","tag-gerson-geraldo-martins"],"_links":{"self":[{"href":"https:\/\/aconteceunovale.com.br\/portal\/index.php?rest_route=\/wp\/v2\/posts\/45867","targetHints":{"allow":["GET"]}}],"collection":[{"href":"https:\/\/aconteceunovale.com.br\/portal\/index.php?rest_route=\/wp\/v2\/posts"}],"about":[{"href":"https:\/\/aconteceunovale.com.br\/portal\/index.php?rest_route=\/wp\/v2\/types\/post"}],"author":[{"embeddable":true,"href":"https:\/\/aconteceunovale.com.br\/portal\/index.php?rest_route=\/wp\/v2\/users\/1"}],"replies":[{"embeddable":true,"href":"https:\/\/aconteceunovale.com.br\/portal\/index.php?rest_route=%2Fwp%2Fv2%2Fcomments&post=45867"}],"version-history":[{"count":0,"href":"https:\/\/aconteceunovale.com.br\/portal\/index.php?rest_route=\/wp\/v2\/posts\/45867\/revisions"}],"wp:featuredmedia":[{"embeddable":true,"href":"https:\/\/aconteceunovale.com.br\/portal\/index.php?rest_route=\/wp\/v2\/media\/45868"}],"wp:attachment":[{"href":"https:\/\/aconteceunovale.com.br\/portal\/index.php?rest_route=%2Fwp%2Fv2%2Fmedia&parent=45867"}],"wp:term":[{"taxonomy":"category","embeddable":true,"href":"https:\/\/aconteceunovale.com.br\/portal\/index.php?rest_route=%2Fwp%2Fv2%2Fcategories&post=45867"},{"taxonomy":"post_tag","embeddable":true,"href":"https:\/\/aconteceunovale.com.br\/portal\/index.php?rest_route=%2Fwp%2Fv2%2Ftags&post=45867"}],"curies":[{"name":"wp","href":"https:\/\/api.w.org\/{rel}","templated":true}]}}