{"id":45826,"date":"2014-11-19T22:06:57","date_gmt":"2014-11-20T01:06:57","guid":{"rendered":"http:\/\/aconteceunovale.com.br\/portal\/?p=45826"},"modified":"2014-11-19T22:06:57","modified_gmt":"2014-11-20T01:06:57","slug":"ossada-humana-e-encontrada-em-matagal-no-municipio-de-ataleia","status":"publish","type":"post","link":"https:\/\/aconteceunovale.com.br\/portal\/?p=45826","title":{"rendered":"Ossada humana \u00e9 encontrada em matagal no munic\u00edpio de Atal\u00e9ia"},"content":{"rendered":"<h4><strong><em>Ossada foi encontrada em uma fazenda na zona rural de Atal\u00e9ia. Corpo pode ser de um homem desaparecido a cerca de 15 dias.<\/em><\/strong><\/h4>\n<p>Uma ossada humana foi encontrada na tarde desta quarta-feira, 19 de novembro, na zona rural do munic\u00edpio de Atal\u00e9ia, no Vale do Mucuri. <\/p>\n<p>De acordo com o registro de ocorr\u00eancias da Pol\u00edcia Militar, um vaqueiro da Fazenda Bananal localizou o corpo humano em um matagal \u00e0s margens da estrada que d\u00e1 acesso ao munic\u00edpio de Ouro Verde de Minas.<\/p>\n<p>Ainda segundo a PM, a v\u00edtima apresentava sinais de afundamento no cr\u00e2nio e estava com uma corda no pesco\u00e7o. Pr\u00f3ximo \u00e0 ossada, foram encontrados peda\u00e7os de pau, resto de tecido aparentemente queimados e um bot\u00e3o grande, supostamente de uma cal\u00e7a. Os militares tamb\u00e9m encontraram um capacete amassado, que estava \u00e0s margens da estrada, a cerca de 250 metros da ossada.<\/p>\n<p>Os restos mortais foram recolhidos por uma funer\u00e1ria e encaminhados para o Instituto M\u00e9dico Legal de Te\u00f3filo Otoni, onde ser\u00e3o realizados os procedimentos para identifica\u00e7\u00e3o da v\u00edtima.<\/p>\n<h4>Homem desaparecido<\/h4>\n<p>Moradores da cidade de Atal\u00e9ia informaram aos militares que atenderam a ocorr\u00eancia sobre o desaparecimento de um homem conhecido como Adelson Ferreira da Concei\u00e7\u00e3o, de 43 anos. Segundo a PM, o homem natural de Ouro Verde de Minas, envolveu-se em uma briga a cerca de 15 dias e n\u00e3o foi mais visto na regi\u00e3o. Familiares foram informados sobre o encontro da ossada e comparecer\u00e3o ao IML para poss\u00edvel identifica\u00e7\u00e3o.<\/p>\n","protected":false},"excerpt":{"rendered":"<p>Ossada foi encontrada em uma fazenda na zona rural de Atal\u00e9ia. Corpo pode ser de um homem desaparecido a cerca de 15 dias. Uma ossada humana foi encontrada na tarde desta quarta-feira, 19 de novembro, na zona rural do munic\u00edpio de Atal\u00e9ia, no Vale do Mucuri. De acordo com o registro de ocorr\u00eancias da Pol\u00edcia [&hellip;]<\/p>\n","protected":false},"author":1,"featured_media":42404,"comment_status":"open","ping_status":"closed","sticky":false,"template":"","format":"standard","meta":{"amp_status":"","footnotes":""},"categories":[122],"tags":[23533,183,16970,23534,1806],"class_list":["post-45826","post","type-post","status-publish","format-standard","has-post-thumbnail","hentry","category-mucuri","tag-adelson-ferreira-da-conceicao","tag-ataleia","tag-ossada-encontrada-em-ataleia","tag-ossada-humana-e-encontrada-em-matagal-no-municipio-de-ataleia","tag-ouro-verde-de-minas"],"_links":{"self":[{"href":"https:\/\/aconteceunovale.com.br\/portal\/index.php?rest_route=\/wp\/v2\/posts\/45826","targetHints":{"allow":["GET"]}}],"collection":[{"href":"https:\/\/aconteceunovale.com.br\/portal\/index.php?rest_route=\/wp\/v2\/posts"}],"about":[{"href":"https:\/\/aconteceunovale.com.br\/portal\/index.php?rest_route=\/wp\/v2\/types\/post"}],"author":[{"embeddable":true,"href":"https:\/\/aconteceunovale.com.br\/portal\/index.php?rest_route=\/wp\/v2\/users\/1"}],"replies":[{"embeddable":true,"href":"https:\/\/aconteceunovale.com.br\/portal\/index.php?rest_route=%2Fwp%2Fv2%2Fcomments&post=45826"}],"version-history":[{"count":0,"href":"https:\/\/aconteceunovale.com.br\/portal\/index.php?rest_route=\/wp\/v2\/posts\/45826\/revisions"}],"wp:featuredmedia":[{"embeddable":true,"href":"https:\/\/aconteceunovale.com.br\/portal\/index.php?rest_route=\/wp\/v2\/media\/42404"}],"wp:attachment":[{"href":"https:\/\/aconteceunovale.com.br\/portal\/index.php?rest_route=%2Fwp%2Fv2%2Fmedia&parent=45826"}],"wp:term":[{"taxonomy":"category","embeddable":true,"href":"https:\/\/aconteceunovale.com.br\/portal\/index.php?rest_route=%2Fwp%2Fv2%2Fcategories&post=45826"},{"taxonomy":"post_tag","embeddable":true,"href":"https:\/\/aconteceunovale.com.br\/portal\/index.php?rest_route=%2Fwp%2Fv2%2Ftags&post=45826"}],"curies":[{"name":"wp","href":"https:\/\/api.w.org\/{rel}","templated":true}]}}