{"id":45812,"date":"2014-11-19T20:07:07","date_gmt":"2014-11-19T23:07:07","guid":{"rendered":"http:\/\/aconteceunovale.com.br\/portal\/?p=45812"},"modified":"2014-11-19T20:07:07","modified_gmt":"2014-11-19T23:07:07","slug":"cemig-realiza-obras-na-rede-eletrica-de-capelinha-3","status":"publish","type":"post","link":"https:\/\/aconteceunovale.com.br\/portal\/?p=45812","title":{"rendered":"Cemig realiza obras na rede el\u00e9trica de Capelinha"},"content":{"rendered":"<p>A Companhia Energ\u00e9tica de Minas Gerais \u2013 Cemig informa que, visando assegurar a qualidade do servi\u00e7o prestado aos seus clientes, na pr\u00f3xima sexta-feira (21\/11) realizar\u00e1 obra de manuten\u00e7\u00e3o e refor\u00e7o na Rede de Distribui\u00e7\u00e3o Urbana em Capelinha, instalando um transformador trif\u00e1sico e substituindo 125m de cabos de baixa tens\u00e3o.<\/p>\n<p>Essa obra que vai tornar a rede mais segura, garantindo uma maior confiabilidade do fornecimento de energia para a popula\u00e7\u00e3o, a ind\u00fastria e o com\u00e9rcio local, melhorando tamb\u00e9m a intera\u00e7\u00e3o com a arboriza\u00e7\u00e3o urbana e a polui\u00e7\u00e3o visual.<\/p>\n<p>Para executar esse trabalho com seguran\u00e7a, ser\u00e1 necess\u00e1rio interromper o fornecimento de energia de 10h \u00e0s 15h, nos seguintes endere\u00e7os:<\/p>\n<p>&#8211; Avenida Anel Rodovi\u00e1rio, Entre n\u00fameros 1231 E 2075<br \/>\n&#8211; Rua Primeiro de Maio, Entre n\u00fameros 548 E 680<br \/>\n&#8211; Rua Venda Nova, Entre n\u00fameros 7 E 730<br \/>\n&#8211; Rua Sebasti\u00e3o Vieira, Entre n\u00fameros 30 E 515<br \/>\n&#8211; Rua Icato, Entre n\u00fameros 3 E 77<br \/>\n&#8211; Rua Veredinha, Entre n\u00fameros 16 E 72<br \/>\n&#8211; Rua Juventino Vieira, Entre n\u00fameros 600 E 884<br \/>\n&#8211; Rua Cristiano Barbosa, Entre n\u00fameros 621 E 925, Centro<br \/>\n&#8211; Avenida Mundo Novo, Entre n\u00fameros 10 E 150<br \/>\n&#8211; Rua Catuai, Entre n\u00fameros 3 E 117, Bourbom<br \/>\n&#8211; Rua Girassol N\u00famero 151, Bouganville<br \/>\n&#8211; Rua Vicentina C De Souza N\u00famero 106, Maria Lucia<\/p>\n<p>A Empresa realizar\u00e1 esse trabalho durante o fim de semana, para minimizar o impacto da interrup\u00e7\u00e3o de energia para as atividades atingidas pelo desligamento.<\/p>\n<p>Durante esse per\u00edodo, caso precise executar algum servi\u00e7o na instala\u00e7\u00e3o el\u00e9trica interna, o consumidor dever\u00e1 desligar antes a chave geral (disjuntor) para sua seguran\u00e7a.<\/p>\n<p>Esclarecemos que em fun\u00e7\u00e3o da complexidade dos servi\u00e7os a serem executados poder\u00e1 ocorrer atraso no hor\u00e1rio previsto ou cancelamento deste desligamento sem aviso pr\u00e9vio. Por medida de seguran\u00e7a todos os equipamentos devem ser considerados energizados durante o per\u00edodo mencionado. Caso os servi\u00e7os de melhoria sejam conclu\u00eddos antes do hor\u00e1rio indicado o fornecimento de energia el\u00e9trica ser\u00e1 restabelecido.<\/p>\n","protected":false},"excerpt":{"rendered":"<p>A Companhia Energ\u00e9tica de Minas Gerais \u2013 Cemig informa que, visando assegurar a qualidade do servi\u00e7o prestado aos seus clientes, na pr\u00f3xima sexta-feira (21\/11) realizar\u00e1 obra de manuten\u00e7\u00e3o e refor\u00e7o na Rede de Distribui\u00e7\u00e3o Urbana em Capelinha, instalando um transformador trif\u00e1sico e substituindo 125m de cabos de baixa tens\u00e3o. Essa obra que vai tornar a [&hellip;]<\/p>\n","protected":false},"author":1,"featured_media":38381,"comment_status":"open","ping_status":"closed","sticky":false,"template":"","format":"standard","meta":{"amp_status":"","footnotes":""},"categories":[120],"tags":[132,7706],"class_list":["post-45812","post","type-post","status-publish","format-standard","has-post-thumbnail","hentry","category-jequi","tag-capelinha","tag-cemig-realiza-obras-na-rede-eletrica-de-capelinha"],"_links":{"self":[{"href":"https:\/\/aconteceunovale.com.br\/portal\/index.php?rest_route=\/wp\/v2\/posts\/45812","targetHints":{"allow":["GET"]}}],"collection":[{"href":"https:\/\/aconteceunovale.com.br\/portal\/index.php?rest_route=\/wp\/v2\/posts"}],"about":[{"href":"https:\/\/aconteceunovale.com.br\/portal\/index.php?rest_route=\/wp\/v2\/types\/post"}],"author":[{"embeddable":true,"href":"https:\/\/aconteceunovale.com.br\/portal\/index.php?rest_route=\/wp\/v2\/users\/1"}],"replies":[{"embeddable":true,"href":"https:\/\/aconteceunovale.com.br\/portal\/index.php?rest_route=%2Fwp%2Fv2%2Fcomments&post=45812"}],"version-history":[{"count":0,"href":"https:\/\/aconteceunovale.com.br\/portal\/index.php?rest_route=\/wp\/v2\/posts\/45812\/revisions"}],"wp:featuredmedia":[{"embeddable":true,"href":"https:\/\/aconteceunovale.com.br\/portal\/index.php?rest_route=\/wp\/v2\/media\/38381"}],"wp:attachment":[{"href":"https:\/\/aconteceunovale.com.br\/portal\/index.php?rest_route=%2Fwp%2Fv2%2Fmedia&parent=45812"}],"wp:term":[{"taxonomy":"category","embeddable":true,"href":"https:\/\/aconteceunovale.com.br\/portal\/index.php?rest_route=%2Fwp%2Fv2%2Fcategories&post=45812"},{"taxonomy":"post_tag","embeddable":true,"href":"https:\/\/aconteceunovale.com.br\/portal\/index.php?rest_route=%2Fwp%2Fv2%2Ftags&post=45812"}],"curies":[{"name":"wp","href":"https:\/\/api.w.org\/{rel}","templated":true}]}}