{"id":45808,"date":"2014-11-19T19:00:11","date_gmt":"2014-11-19T22:00:11","guid":{"rendered":"http:\/\/aconteceunovale.com.br\/portal\/?p=45808"},"modified":"2014-11-19T19:00:11","modified_gmt":"2014-11-19T22:00:11","slug":"idoso-de-77-anos-morre-atropelado-por-carreta-no-trevo-de-varzea-da-palma","status":"publish","type":"post","link":"https:\/\/aconteceunovale.com.br\/portal\/?p=45808","title":{"rendered":"Idoso de 77 anos morre atropelado por carreta no trevo de V\u00e1rzea da Palma"},"content":{"rendered":"<h4><em><strong>Acidente aconteceu no trevo que d\u00e1 acesso a cidade. V\u00edtima estava em uma bicicleta.<\/strong><\/em><\/h4>\n<p>[image src=&#8221;http:\/\/aconteceunovale.com.br\/portal\/wp-content\/uploads\/2014\/11\/idoso_atropelado_vp.jpg&#8221; width=&#8221;300&#8243; height=&#8221;225&#8243; lightbox=&#8221;yes&#8221; align=&#8221;left&#8221; float=&#8221;left&#8221;]Um idoso de 77 anos morreu ap\u00f3s ser atropelado por uma carreta na manh\u00e3 desta quarta-feira, 19 de novembro, na MGC-496, no trevo de acesso a cidade de V\u00e1rzea da Palma, no Norte de Minas Gerais. Segundo Informa\u00e7\u00f5es da Pol\u00edcia Rodovi\u00e1ria Estadual, a v\u00edtima transitava em uma bicicleta quando foi atingida pelo bi-trem.<\/p>\n<p>Ainda segundo a pol\u00edcia, o motorista informou que iria passar pelo trevo e seguir na rodovia, mas que ouviu um barulho e parou. Pelo retrovisor ele teria observado que a bicicleta estava embaixo da carreta. A v\u00edtima morreu no local.<\/p>\n","protected":false},"excerpt":{"rendered":"<p>Acidente aconteceu no trevo que d\u00e1 acesso a cidade. V\u00edtima estava em uma bicicleta. [image src=&#8221;http:\/\/aconteceunovale.com.br\/portal\/wp-content\/uploads\/2014\/11\/idoso_atropelado_vp.jpg&#8221; width=&#8221;300&#8243; height=&#8221;225&#8243; lightbox=&#8221;yes&#8221; align=&#8221;left&#8221; float=&#8221;left&#8221;]Um idoso de 77 anos morreu ap\u00f3s ser atropelado por uma carreta na manh\u00e3 desta quarta-feira, 19 de novembro, na MGC-496, no trevo de acesso a cidade de V\u00e1rzea da Palma, no Norte de Minas [&hellip;]<\/p>\n","protected":false},"author":1,"featured_media":45809,"comment_status":"open","ping_status":"closed","sticky":false,"template":"","format":"standard","meta":{"amp_status":"","footnotes":""},"categories":[1236],"tags":[23529,1340],"class_list":["post-45808","post","type-post","status-publish","format-standard","has-post-thumbnail","hentry","category-norte_de_minas","tag-idoso-de-77-anos-morre-atropelado-por-carreta-no-trevo-de-varzea-da-palma","tag-varzea-da-palma"],"_links":{"self":[{"href":"https:\/\/aconteceunovale.com.br\/portal\/index.php?rest_route=\/wp\/v2\/posts\/45808","targetHints":{"allow":["GET"]}}],"collection":[{"href":"https:\/\/aconteceunovale.com.br\/portal\/index.php?rest_route=\/wp\/v2\/posts"}],"about":[{"href":"https:\/\/aconteceunovale.com.br\/portal\/index.php?rest_route=\/wp\/v2\/types\/post"}],"author":[{"embeddable":true,"href":"https:\/\/aconteceunovale.com.br\/portal\/index.php?rest_route=\/wp\/v2\/users\/1"}],"replies":[{"embeddable":true,"href":"https:\/\/aconteceunovale.com.br\/portal\/index.php?rest_route=%2Fwp%2Fv2%2Fcomments&post=45808"}],"version-history":[{"count":0,"href":"https:\/\/aconteceunovale.com.br\/portal\/index.php?rest_route=\/wp\/v2\/posts\/45808\/revisions"}],"wp:featuredmedia":[{"embeddable":true,"href":"https:\/\/aconteceunovale.com.br\/portal\/index.php?rest_route=\/wp\/v2\/media\/45809"}],"wp:attachment":[{"href":"https:\/\/aconteceunovale.com.br\/portal\/index.php?rest_route=%2Fwp%2Fv2%2Fmedia&parent=45808"}],"wp:term":[{"taxonomy":"category","embeddable":true,"href":"https:\/\/aconteceunovale.com.br\/portal\/index.php?rest_route=%2Fwp%2Fv2%2Fcategories&post=45808"},{"taxonomy":"post_tag","embeddable":true,"href":"https:\/\/aconteceunovale.com.br\/portal\/index.php?rest_route=%2Fwp%2Fv2%2Ftags&post=45808"}],"curies":[{"name":"wp","href":"https:\/\/api.w.org\/{rel}","templated":true}]}}