{"id":45775,"date":"2014-11-19T14:34:18","date_gmt":"2014-11-19T17:34:18","guid":{"rendered":"http:\/\/aconteceunovale.com.br\/portal\/?p=45775"},"modified":"2014-11-19T14:38:33","modified_gmt":"2014-11-19T17:38:33","slug":"homem-e-preso-com-bananas-de-dinamite-e-pes-de-maconha-em-sao-pedro-do-suacui","status":"publish","type":"post","link":"https:\/\/aconteceunovale.com.br\/portal\/?p=45775","title":{"rendered":"Homem \u00e9 preso com bananas de dinamite e p\u00e9s de maconha em S\u00e3o Pedro do Sua\u00e7u\u00ed"},"content":{"rendered":"<h4><em><strong>Drogas e explosivos estavam em uma casa no C\u00f3rrego das Pedras. Coca\u00edna e um frasco de veneno tamb\u00e9m foram apreendidos.<\/strong><\/em><\/h4>\n<p>Quatro p\u00e9s de maconha foram apreendidos pela Pol\u00edcia Militar, nessa ter\u00e7a-feira, 18 de novembro, no C\u00f3rrego das Pedras em S\u00e3o Pedro do Sua\u00e7u\u00ed, no Vale do Rio Doce. As plantas estavam em uma casa.<\/p>\n<p>No local, a PM apreendeu tamb\u00e9m maconha, coca\u00edna, uma balan\u00e7a, tr\u00eas bananas de dinamite, dois pavios detonadores, frascos com veneno chumbinho, material para fabrica\u00e7\u00e3o de explosivos e uma touca ninja.<\/p>\n<p>Segundo a PM,  os p\u00e9s de maconha tinham 20 cent\u00edmetros. O propriet\u00e1rio do material, de 26 anos, foi preso em flagrante e conduzido \u00e0 Delegacia. (G1)<\/p>\n","protected":false},"excerpt":{"rendered":"<p>Drogas e explosivos estavam em uma casa no C\u00f3rrego das Pedras. Coca\u00edna e um frasco de veneno tamb\u00e9m foram apreendidos. Quatro p\u00e9s de maconha foram apreendidos pela Pol\u00edcia Militar, nessa ter\u00e7a-feira, 18 de novembro, no C\u00f3rrego das Pedras em S\u00e3o Pedro do Sua\u00e7u\u00ed, no Vale do Rio Doce. As plantas estavam em uma casa. No [&hellip;]<\/p>\n","protected":false},"author":1,"featured_media":15306,"comment_status":"open","ping_status":"closed","sticky":false,"template":"","format":"standard","meta":{"amp_status":"","footnotes":""},"categories":[121],"tags":[23507,322],"class_list":["post-45775","post","type-post","status-publish","format-standard","has-post-thumbnail","hentry","category-leste","tag-homem-e-preso-com-bananas-de-dinamite-e-pes-de-maconha-em-sao-pedro-do-suacui","tag-sao-pedro-do-suacui"],"_links":{"self":[{"href":"https:\/\/aconteceunovale.com.br\/portal\/index.php?rest_route=\/wp\/v2\/posts\/45775","targetHints":{"allow":["GET"]}}],"collection":[{"href":"https:\/\/aconteceunovale.com.br\/portal\/index.php?rest_route=\/wp\/v2\/posts"}],"about":[{"href":"https:\/\/aconteceunovale.com.br\/portal\/index.php?rest_route=\/wp\/v2\/types\/post"}],"author":[{"embeddable":true,"href":"https:\/\/aconteceunovale.com.br\/portal\/index.php?rest_route=\/wp\/v2\/users\/1"}],"replies":[{"embeddable":true,"href":"https:\/\/aconteceunovale.com.br\/portal\/index.php?rest_route=%2Fwp%2Fv2%2Fcomments&post=45775"}],"version-history":[{"count":0,"href":"https:\/\/aconteceunovale.com.br\/portal\/index.php?rest_route=\/wp\/v2\/posts\/45775\/revisions"}],"wp:featuredmedia":[{"embeddable":true,"href":"https:\/\/aconteceunovale.com.br\/portal\/index.php?rest_route=\/wp\/v2\/media\/15306"}],"wp:attachment":[{"href":"https:\/\/aconteceunovale.com.br\/portal\/index.php?rest_route=%2Fwp%2Fv2%2Fmedia&parent=45775"}],"wp:term":[{"taxonomy":"category","embeddable":true,"href":"https:\/\/aconteceunovale.com.br\/portal\/index.php?rest_route=%2Fwp%2Fv2%2Fcategories&post=45775"},{"taxonomy":"post_tag","embeddable":true,"href":"https:\/\/aconteceunovale.com.br\/portal\/index.php?rest_route=%2Fwp%2Fv2%2Ftags&post=45775"}],"curies":[{"name":"wp","href":"https:\/\/api.w.org\/{rel}","templated":true}]}}