{"id":45770,"date":"2014-11-19T14:24:23","date_gmt":"2014-11-19T17:24:23","guid":{"rendered":"http:\/\/aconteceunovale.com.br\/portal\/?p=45770"},"modified":"2014-11-19T14:27:32","modified_gmt":"2014-11-19T17:27:32","slug":"superaquecimento-na-rede-eletrica-provoca-incendio-em-casa-de-governador-valadares","status":"publish","type":"post","link":"https:\/\/aconteceunovale.com.br\/portal\/?p=45770","title":{"rendered":"Superaquecimento na rede el\u00e9trica provoca inc\u00eandio em casa de Governador Valadares"},"content":{"rendered":"<h4><em><strong>Estrutura do im\u00f3vel ficou comprometida. Tr\u00eas caminh\u00f5es de \u00e1gua foram usados para combater o inc\u00eandio.<\/strong><\/em><\/h4>\n<p>[image src=&#8221;http:\/\/aconteceunovale.com.br\/portal\/wp-content\/uploads\/2014\/11\/casa_queimada_gv.jpg&#8221; width=&#8221;365&#8243; height=&#8221;450&#8243; lightbox=&#8221;yes&#8221; align=&#8221;left&#8221; float=&#8221;left&#8221;]Uma casa pegou fogo na manh\u00e3 desta quarta-feira, 19 de novembro, no bairro Gr\u00e3-Duquesa, em Governador Valadares. De acordo com informa\u00e7\u00f5es do Corpo de Bombeiros, um superaquecimento da rede el\u00e9trica provocou o inc\u00eandio, que come\u00e7ou por volta das 11 horas em um dos quartos do im\u00f3vel. As chamas, que destru\u00edram m\u00f3veis e eletrodom\u00e9sticos, foram controladas por volta de meio dia.<\/p>\n<p>Ainda segundo os bombeiros, uma mulher, que seria a propriet\u00e1ria da casa, passou mal e foi encaminhada para atendimento m\u00e9dico no Hospital Municipal. <em>(Foto: Alessandro Santos\/TV Alterosa Leste)<\/em><\/p>\n","protected":false},"excerpt":{"rendered":"<p>Estrutura do im\u00f3vel ficou comprometida. Tr\u00eas caminh\u00f5es de \u00e1gua foram usados para combater o inc\u00eandio. [image src=&#8221;http:\/\/aconteceunovale.com.br\/portal\/wp-content\/uploads\/2014\/11\/casa_queimada_gv.jpg&#8221; width=&#8221;365&#8243; height=&#8221;450&#8243; lightbox=&#8221;yes&#8221; align=&#8221;left&#8221; float=&#8221;left&#8221;]Uma casa pegou fogo na manh\u00e3 desta quarta-feira, 19 de novembro, no bairro Gr\u00e3-Duquesa, em Governador Valadares. De acordo com informa\u00e7\u00f5es do Corpo de Bombeiros, um superaquecimento da rede el\u00e9trica provocou o inc\u00eandio, que [&hellip;]<\/p>\n","protected":false},"author":1,"featured_media":45771,"comment_status":"open","ping_status":"closed","sticky":false,"template":"","format":"standard","meta":{"amp_status":"","footnotes":""},"categories":[121],"tags":[247,23506,23505],"class_list":["post-45770","post","type-post","status-publish","format-standard","has-post-thumbnail","hentry","category-leste","tag-governador-valadares","tag-incendio-em-casa-do-bairro-gra-duquesa","tag-superaquecimento-na-rede-eletrica-provoca-incendio-em-casa-de-governador-valadares"],"_links":{"self":[{"href":"https:\/\/aconteceunovale.com.br\/portal\/index.php?rest_route=\/wp\/v2\/posts\/45770","targetHints":{"allow":["GET"]}}],"collection":[{"href":"https:\/\/aconteceunovale.com.br\/portal\/index.php?rest_route=\/wp\/v2\/posts"}],"about":[{"href":"https:\/\/aconteceunovale.com.br\/portal\/index.php?rest_route=\/wp\/v2\/types\/post"}],"author":[{"embeddable":true,"href":"https:\/\/aconteceunovale.com.br\/portal\/index.php?rest_route=\/wp\/v2\/users\/1"}],"replies":[{"embeddable":true,"href":"https:\/\/aconteceunovale.com.br\/portal\/index.php?rest_route=%2Fwp%2Fv2%2Fcomments&post=45770"}],"version-history":[{"count":0,"href":"https:\/\/aconteceunovale.com.br\/portal\/index.php?rest_route=\/wp\/v2\/posts\/45770\/revisions"}],"wp:featuredmedia":[{"embeddable":true,"href":"https:\/\/aconteceunovale.com.br\/portal\/index.php?rest_route=\/wp\/v2\/media\/45771"}],"wp:attachment":[{"href":"https:\/\/aconteceunovale.com.br\/portal\/index.php?rest_route=%2Fwp%2Fv2%2Fmedia&parent=45770"}],"wp:term":[{"taxonomy":"category","embeddable":true,"href":"https:\/\/aconteceunovale.com.br\/portal\/index.php?rest_route=%2Fwp%2Fv2%2Fcategories&post=45770"},{"taxonomy":"post_tag","embeddable":true,"href":"https:\/\/aconteceunovale.com.br\/portal\/index.php?rest_route=%2Fwp%2Fv2%2Ftags&post=45770"}],"curies":[{"name":"wp","href":"https:\/\/api.w.org\/{rel}","templated":true}]}}