{"id":45757,"date":"2014-11-19T12:26:53","date_gmt":"2014-11-19T15:26:53","guid":{"rendered":"http:\/\/aconteceunovale.com.br\/portal\/?p=45757"},"modified":"2014-11-19T15:24:54","modified_gmt":"2014-11-19T18:24:54","slug":"uma-pessoa-morre-e-outra-fica-ferida-em-acidente-envolvendo-carro-e-carreta-em-teofilo-otoni","status":"publish","type":"post","link":"https:\/\/aconteceunovale.com.br\/portal\/?p=45757","title":{"rendered":"Uma pessoa morre e outra fica ferida em acidente envolvendo carro e carreta em Te\u00f3filo Otoni"},"content":{"rendered":"<h4><em><strong>Acidente aconteceu pr\u00f3ximo ao distrito de Pedro Versiani. Uma pessoa morreu e outra ficou gravemente ferida.<\/strong><\/em><\/h4>\n<p>[image src=&#8221;http:\/\/aconteceunovale.com.br\/portal\/wp-content\/uploads\/2014\/11\/vitima_teo1.jpg&#8221; width=&#8221;297&#8243; height=&#8221;359&#8243; lightbox=&#8221;yes&#8221; align=&#8221;left&#8221; float=&#8221;left&#8221;]Uma pessoa morreu e outra ficou ferida em um grave acidente por volta das 10 horas manh\u00e3 desta quarta-feira, 19 de novembro, na BR-418, pr\u00f3ximo ao distrito de Pedro Versiani, no munic\u00edpio de Te\u00f3filo Otoni, no Vale do Mucuri.<\/p>\n<p>De acordo com informa\u00e7\u00f5es, uma carreta utilizada para o transporte de eucalipto e um ve\u00edculo Fiorino, placas HHR-2814, de Governador Valadares, colidiram na altura do quil\u00f4metro 150. Com o impacto da batida, o condutor do ve\u00edculo leve, Ant\u00f4nio Alves Caldeira Neto, de 39 anos, n\u00e3o resistiu aos graves ferimentos e morreu no local.<\/p>\n<p>O motorista da carreta, placa KVS-1409, de Minas Novas, foi socorrido por equipes do Servi\u00e7o de Atendimento M\u00f3vel de Urg\u00eancia (SAMU) e do Corpo de Bombeiros e encaminhada para atendimento m\u00e9dico em um hospital de Te\u00f3filo Otoni. O estado de sa\u00fade dele n\u00e3o foi divulgado.<\/p>\n<p>As causas do acidente ainda n\u00e3o foram esclarecidas. A v\u00edtima fatal era morador do bairro Gr\u00e3-Duquesa, em Governador Valadares.<\/p>\n<p><img decoding=\"async\" alt=\"\" src=\"http:\/\/aconteceunovale.com.br\/portal\/wp-content\/uploads\/2014\/11\/acidente_teo_19_1.jpg\" \/><em>Motorista do ve\u00edculo Fiorino morreu no local &#8211; Foto: IML de Te\u00f3filo Otoni\/Divulga\u00e7\u00e3o<\/em><br \/>\n<\/br><\/p>\n<p><img decoding=\"async\" alt=\"\" src=\"http:\/\/aconteceunovale.com.br\/portal\/wp-content\/uploads\/2014\/11\/acidente_teo_19_2.jpg\" \/><em>Motorista do ve\u00edculo Fiorino morreu no local &#8211; Foto: IML de Te\u00f3filo Otoni\/Divulga\u00e7\u00e3o<\/em><br \/>\n<\/br><\/p>\n<p><img decoding=\"async\" alt=\"\" src=\"http:\/\/aconteceunovale.com.br\/portal\/wp-content\/uploads\/2014\/11\/acidente_teo_19_3.jpg\" \/><em>Motorista do ve\u00edculo Fiorino morreu no local &#8211; Foto: IML de Te\u00f3filo Otoni\/Divulga\u00e7\u00e3o<\/em><br \/>\n<\/br><\/p>\n<p><img decoding=\"async\" alt=\"\" src=\"http:\/\/aconteceunovale.com.br\/portal\/wp-content\/uploads\/2014\/11\/acidente_teo_19_4.jpg\" \/><em>Motorista do ve\u00edculo Fiorino morreu no local &#8211; Foto: IML de Te\u00f3filo Otoni\/Divulga\u00e7\u00e3o<\/em><br \/>\n<\/br><\/p>\n<p><img decoding=\"async\" alt=\"\" src=\"http:\/\/aconteceunovale.com.br\/portal\/wp-content\/uploads\/2014\/11\/acidente_teo_19_5.jpg\" \/><em>Motorista do ve\u00edculo Fiorino morreu no local &#8211; Foto: IML de Te\u00f3filo Otoni\/Divulga\u00e7\u00e3o<\/em><br \/>\n<\/br><\/p>\n<p><img decoding=\"async\" alt=\"\" src=\"http:\/\/aconteceunovale.com.br\/portal\/wp-content\/uploads\/2014\/11\/acidente_teo_19_6.jpg\" \/><em>Motorista do ve\u00edculo Fiorino morreu no local &#8211; Foto: IML de Te\u00f3filo Otoni\/Divulga\u00e7\u00e3o<\/em><br \/>\n<\/br><\/p>\n<p><img decoding=\"async\" alt=\"\" src=\"http:\/\/aconteceunovale.com.br\/portal\/wp-content\/uploads\/2014\/11\/acidente_teo_19_7.jpg\" \/><em>Motorista do ve\u00edculo Fiorino morreu no local &#8211; Foto: IML de Te\u00f3filo Otoni\/Divulga\u00e7\u00e3o<\/em><\/p>\n","protected":false},"excerpt":{"rendered":"<p>Acidente aconteceu pr\u00f3ximo ao distrito de Pedro Versiani. Uma pessoa morreu e outra ficou gravemente ferida. [image src=&#8221;http:\/\/aconteceunovale.com.br\/portal\/wp-content\/uploads\/2014\/11\/vitima_teo1.jpg&#8221; width=&#8221;297&#8243; height=&#8221;359&#8243; lightbox=&#8221;yes&#8221; align=&#8221;left&#8221; float=&#8221;left&#8221;]Uma pessoa morreu e outra ficou ferida em um grave acidente por volta das 10 horas manh\u00e3 desta quarta-feira, 19 de novembro, na BR-418, pr\u00f3ximo ao distrito de Pedro Versiani, no munic\u00edpio de [&hellip;]<\/p>\n","protected":false},"author":1,"featured_media":45786,"comment_status":"open","ping_status":"closed","sticky":false,"template":"","format":"standard","meta":{"amp_status":"","footnotes":""},"categories":[122],"tags":[23503,23500,23498,23499,23504,23496,13880,23497,23501,23502,1018,247,164,23495,23493,23494],"class_list":["post-45757","post","type-post","status-publish","format-standard","has-post-thumbnail","hentry","category-mucuri","tag-acidente-com-antonio-alves-caldeira-neto","tag-acidente-com-carro-de-governador-valadares","tag-acidente-com-fiorino-de-governador-valadares","tag-acidente-com-fiorino-de-gv","tag-acidente-com-morador-de-governador-valadares","tag-acidente-em-pedro-versiani","tag-acidente-em-teofilo-otoni","tag-acidente-teofilo-otoni","tag-antonio-alves-caldeira","tag-antonio-alves-caldeira-neto","tag-destaque","tag-governador-valadares","tag-teofilo-otoni","tag-uma-pessoa-morre-e-outra-fica-ferida-em-acidente-envolvendo-carro-e-carreta-em-pedro-versiani","tag-uma-pessoa-morre-e-outra-fica-ferida-em-acidente-envolvendo-carro-e-carreta-em-teofilo-otoni","tag-uma-pessoa-morre-e-outra-fica-ferida-em-acidente-envolvendo-carro-e-carreta-na-br-418"],"_links":{"self":[{"href":"https:\/\/aconteceunovale.com.br\/portal\/index.php?rest_route=\/wp\/v2\/posts\/45757","targetHints":{"allow":["GET"]}}],"collection":[{"href":"https:\/\/aconteceunovale.com.br\/portal\/index.php?rest_route=\/wp\/v2\/posts"}],"about":[{"href":"https:\/\/aconteceunovale.com.br\/portal\/index.php?rest_route=\/wp\/v2\/types\/post"}],"author":[{"embeddable":true,"href":"https:\/\/aconteceunovale.com.br\/portal\/index.php?rest_route=\/wp\/v2\/users\/1"}],"replies":[{"embeddable":true,"href":"https:\/\/aconteceunovale.com.br\/portal\/index.php?rest_route=%2Fwp%2Fv2%2Fcomments&post=45757"}],"version-history":[{"count":0,"href":"https:\/\/aconteceunovale.com.br\/portal\/index.php?rest_route=\/wp\/v2\/posts\/45757\/revisions"}],"wp:featuredmedia":[{"embeddable":true,"href":"https:\/\/aconteceunovale.com.br\/portal\/index.php?rest_route=\/wp\/v2\/media\/45786"}],"wp:attachment":[{"href":"https:\/\/aconteceunovale.com.br\/portal\/index.php?rest_route=%2Fwp%2Fv2%2Fmedia&parent=45757"}],"wp:term":[{"taxonomy":"category","embeddable":true,"href":"https:\/\/aconteceunovale.com.br\/portal\/index.php?rest_route=%2Fwp%2Fv2%2Fcategories&post=45757"},{"taxonomy":"post_tag","embeddable":true,"href":"https:\/\/aconteceunovale.com.br\/portal\/index.php?rest_route=%2Fwp%2Fv2%2Ftags&post=45757"}],"curies":[{"name":"wp","href":"https:\/\/api.w.org\/{rel}","templated":true}]}}