{"id":45753,"date":"2014-11-19T11:25:36","date_gmt":"2014-11-19T14:25:36","guid":{"rendered":"http:\/\/aconteceunovale.com.br\/portal\/?p=45753"},"modified":"2014-11-19T11:25:36","modified_gmt":"2014-11-19T14:25:36","slug":"dois-jovens-sao-detidos-por-estupro-de-duas-criancas-em-corinto","status":"publish","type":"post","link":"https:\/\/aconteceunovale.com.br\/portal\/?p=45753","title":{"rendered":"Dois jovens s\u00e3o detidos por estupro de duas crian\u00e7as em Corinto"},"content":{"rendered":"<h4><em><strong>V\u00edtimas de 11 e 12 anos foram estupradas no Bairro Maciel em Corinto. Autores foram detidos e encaminhados \u00e0 Delegacia.<\/strong><\/em><\/h4>\n<p>Um homem de 21 anos e um menor de 17 foram detidos suspeitos de abusar sexualmente de duas meninas, de 11 e 12 anos, nesta ter\u00e7a-feira (18) em Corinto, na regi\u00e3o Central de Minas.<\/p>\n<p>De acordo com informa\u00e7\u00f5es da Pol\u00edcia Militar, as crian\u00e7as foram estupradas na casa do homem de 21 anos, no Bairro Maciel. Ainda de acordo com a PM, as meninas foram at\u00e9 o lugar porque estavam sendo amea\u00e7adas. Nos celulares dos autores a pol\u00edcia encontrou v\u00e1rias mensagens, onde eles chamavam as v\u00edtimas.<\/p>\n<p>As crian\u00e7as demoraram para retornar para casa e ao serem questionadas pelos pais contaram o que tinha acontecido. Elas foram encaminhadas ao hospital e a per\u00edcia constatou que houve o abuso. Os autores foram autuados em flagrante e encaminhados \u00e0 Delegacia. (G1)<\/p>\n","protected":false},"excerpt":{"rendered":"<p>V\u00edtimas de 11 e 12 anos foram estupradas no Bairro Maciel em Corinto. Autores foram detidos e encaminhados \u00e0 Delegacia. Um homem de 21 anos e um menor de 17 foram detidos suspeitos de abusar sexualmente de duas meninas, de 11 e 12 anos, nesta ter\u00e7a-feira (18) em Corinto, na regi\u00e3o Central de Minas. De [&hellip;]<\/p>\n","protected":false},"author":1,"featured_media":42404,"comment_status":"open","ping_status":"closed","sticky":false,"template":"","format":"standard","meta":{"amp_status":"","footnotes":""},"categories":[123],"tags":[1534,23491],"class_list":["post-45753","post","type-post","status-publish","format-standard","has-post-thumbnail","hentry","category-gerais","tag-corinto","tag-dois-jovens-sao-detidos-por-estupro-de-duas-criancas-em-corinto"],"_links":{"self":[{"href":"https:\/\/aconteceunovale.com.br\/portal\/index.php?rest_route=\/wp\/v2\/posts\/45753","targetHints":{"allow":["GET"]}}],"collection":[{"href":"https:\/\/aconteceunovale.com.br\/portal\/index.php?rest_route=\/wp\/v2\/posts"}],"about":[{"href":"https:\/\/aconteceunovale.com.br\/portal\/index.php?rest_route=\/wp\/v2\/types\/post"}],"author":[{"embeddable":true,"href":"https:\/\/aconteceunovale.com.br\/portal\/index.php?rest_route=\/wp\/v2\/users\/1"}],"replies":[{"embeddable":true,"href":"https:\/\/aconteceunovale.com.br\/portal\/index.php?rest_route=%2Fwp%2Fv2%2Fcomments&post=45753"}],"version-history":[{"count":0,"href":"https:\/\/aconteceunovale.com.br\/portal\/index.php?rest_route=\/wp\/v2\/posts\/45753\/revisions"}],"wp:featuredmedia":[{"embeddable":true,"href":"https:\/\/aconteceunovale.com.br\/portal\/index.php?rest_route=\/wp\/v2\/media\/42404"}],"wp:attachment":[{"href":"https:\/\/aconteceunovale.com.br\/portal\/index.php?rest_route=%2Fwp%2Fv2%2Fmedia&parent=45753"}],"wp:term":[{"taxonomy":"category","embeddable":true,"href":"https:\/\/aconteceunovale.com.br\/portal\/index.php?rest_route=%2Fwp%2Fv2%2Fcategories&post=45753"},{"taxonomy":"post_tag","embeddable":true,"href":"https:\/\/aconteceunovale.com.br\/portal\/index.php?rest_route=%2Fwp%2Fv2%2Ftags&post=45753"}],"curies":[{"name":"wp","href":"https:\/\/api.w.org\/{rel}","templated":true}]}}