{"id":45748,"date":"2014-11-19T11:17:04","date_gmt":"2014-11-19T14:17:04","guid":{"rendered":"http:\/\/aconteceunovale.com.br\/portal\/?p=45748"},"modified":"2014-11-19T11:17:34","modified_gmt":"2014-11-19T14:17:34","slug":"prefeitura-de-almenara-amanhece-com-salas-arrombadas-e-documentos-revirados","status":"publish","type":"post","link":"https:\/\/aconteceunovale.com.br\/portal\/?p=45748","title":{"rendered":"Prefeitura de Almenara amanhece com salas arrombadas e documentos revirados"},"content":{"rendered":"<h4><em><strong>Arrombamento foi percebido por uma funcion\u00e1ria que chegou para trabalhar na manh\u00e3 de segunda-feira (17).<\/strong><\/em><\/h4>\n<p>A sede da Prefeitura Municipal de Almenara, no Vale do Jequitinhonha, amanheceu arrombada na manh\u00e3 de segunda-feira, 17 de novembro. O caso foi descoberto quando uma servidora chegou para trabalhar.<\/p>\n<p>Ela percebeu que o arm\u00e1rio da cozinha, onde ficam as chaves das salas da prefeitura havia sido arrombado e comunicou o fato ao secret\u00e1rio municipal de Administra\u00e7\u00e3o,  que acionou a Pol\u00edcia Militar.<\/p>\n<p>As portas das salas de licita\u00e7\u00f5es e do gabinete da administra\u00e7\u00e3o estavam abertas e haviam v\u00e1rias pastas e  pap\u00e9is  espalhados sobre a mesa.<\/p>\n<p>De acordo com o registro da Pol\u00edcia Militar, n\u00e3o foi constatado nenhum arrombamento das portas de entrada e n\u00e3o haviam janelas abertas. Os dois funcion\u00e1rios acreditam que quem entrou no pr\u00e9dio usou c\u00f3pia das chaves. At\u00e9 o momento ainda n\u00e3o foi registrado o desaparecimento de documentos. Nada foi furtado.<\/p>\n<p>A per\u00edcia t\u00e9cnica foi acionada e as investiga\u00e7\u00f5es seguem sob responsabilidade da Delegacia de Pol\u00edcia Civil de Almenara. <\/p>\n<p><img decoding=\"async\" src=\"http:\/\/aconteceunovale.com.br\/portal\/wp-content\/uploads\/2014\/11\/almenara.jpg\" alt=\"\" \/><em>Vista parcial da cidade de Almenara, no Vale do Jequitinhonha &#8211; Foto: Reprodu\u00e7\u00e3o<\/em><br \/>\n<\/br><\/p>\n<p><em><strong>(Gazeta de Ara\u00e7ua\u00ed)<\/strong><\/em><\/p>\n","protected":false},"excerpt":{"rendered":"<p>Arrombamento foi percebido por uma funcion\u00e1ria que chegou para trabalhar na manh\u00e3 de segunda-feira (17). A sede da Prefeitura Municipal de Almenara, no Vale do Jequitinhonha, amanheceu arrombada na manh\u00e3 de segunda-feira, 17 de novembro. O caso foi descoberto quando uma servidora chegou para trabalhar. Ela percebeu que o arm\u00e1rio da cozinha, onde ficam as [&hellip;]<\/p>\n","protected":false},"author":1,"featured_media":45749,"comment_status":"open","ping_status":"closed","sticky":false,"template":"","format":"standard","meta":{"amp_status":"","footnotes":""},"categories":[120],"tags":[142,23489,23490,23488],"class_list":["post-45748","post","type-post","status-publish","format-standard","has-post-thumbnail","hentry","category-jequi","tag-almenara","tag-arrombamento-na-prefeitura-de-almenara","tag-prefeitura-de-almenara","tag-prefeitura-de-almenara-amanhece-com-salas-arrombadas-e-documentos-revirados"],"_links":{"self":[{"href":"https:\/\/aconteceunovale.com.br\/portal\/index.php?rest_route=\/wp\/v2\/posts\/45748","targetHints":{"allow":["GET"]}}],"collection":[{"href":"https:\/\/aconteceunovale.com.br\/portal\/index.php?rest_route=\/wp\/v2\/posts"}],"about":[{"href":"https:\/\/aconteceunovale.com.br\/portal\/index.php?rest_route=\/wp\/v2\/types\/post"}],"author":[{"embeddable":true,"href":"https:\/\/aconteceunovale.com.br\/portal\/index.php?rest_route=\/wp\/v2\/users\/1"}],"replies":[{"embeddable":true,"href":"https:\/\/aconteceunovale.com.br\/portal\/index.php?rest_route=%2Fwp%2Fv2%2Fcomments&post=45748"}],"version-history":[{"count":0,"href":"https:\/\/aconteceunovale.com.br\/portal\/index.php?rest_route=\/wp\/v2\/posts\/45748\/revisions"}],"wp:featuredmedia":[{"embeddable":true,"href":"https:\/\/aconteceunovale.com.br\/portal\/index.php?rest_route=\/wp\/v2\/media\/45749"}],"wp:attachment":[{"href":"https:\/\/aconteceunovale.com.br\/portal\/index.php?rest_route=%2Fwp%2Fv2%2Fmedia&parent=45748"}],"wp:term":[{"taxonomy":"category","embeddable":true,"href":"https:\/\/aconteceunovale.com.br\/portal\/index.php?rest_route=%2Fwp%2Fv2%2Fcategories&post=45748"},{"taxonomy":"post_tag","embeddable":true,"href":"https:\/\/aconteceunovale.com.br\/portal\/index.php?rest_route=%2Fwp%2Fv2%2Ftags&post=45748"}],"curies":[{"name":"wp","href":"https:\/\/api.w.org\/{rel}","templated":true}]}}