{"id":45746,"date":"2014-11-19T11:03:05","date_gmt":"2014-11-19T14:03:05","guid":{"rendered":"http:\/\/aconteceunovale.com.br\/portal\/?p=45746"},"modified":"2014-11-19T15:13:00","modified_gmt":"2014-11-19T18:13:00","slug":"homem-e-preso-apos-matar-caminhoneiro-a-facadas-em-carai","status":"publish","type":"post","link":"https:\/\/aconteceunovale.com.br\/portal\/?p=45746","title":{"rendered":"Homem \u00e9 preso ap\u00f3s matar caminhoneiro a facadas em Cara\u00ed"},"content":{"rendered":"<h4><strong><em>V\u00edtima foi atingida por duas facadas na regi\u00e3o da barriga. Autor foi preso em um ponto de \u00f4nibus na BR-116.<\/em><\/strong><\/h4>\n<p>Um caminhoneiro de 41 anos foi assassinado a facadas na manh\u00e3 de ter\u00e7a-feira, 17 de novembro, na comunidade de Fulg\u00eancio, em Cara\u00ed, no Vale do Jequitinhonha. De acordo com informa\u00e7\u00f5es da Pol\u00edcia Militar, Lafaete Ronaldo da Silva chegou a ser atendido no hospital Santa Ros\u00e1lia, em Te\u00f3filo Otoni, mas n\u00e3o resistiu aos ferimentos e morreu.<\/p>\n<p><img decoding=\"async\" src=\"http:\/\/aconteceunovale.com.br\/portal\/wp-content\/uploads\/2014\/11\/SAM_1999.jpg\" alt=\"\" \/><em>Caminhoneiro morreu no hospital Santa Ros\u00e1lia &#8211; Foto: IML de Te\u00f3filo Otoni\/Divulga\u00e7\u00e3o<\/em><br \/>\n<\/br><\/p>\n<p>Ainda segundo a PM, o autor do crime \u00e9 Ramon Alves dos Santos. Ele foi preso em Catuji e relatou que teria matado o caminhoneiro para se defender. Segundo o relato dele a PM, por volta das 5h30 da manh\u00e3, a v\u00edtima chegou a sua casa, portando um fac\u00e3o, e tentou for\u00e7ar a porta de entrada.<\/p>\n<p>O autor disse tamb\u00e9m que n\u00e3o conseguiu impedir a entrada do caminhoneiro, que o encurralou e teria come\u00e7ado a quebrar diversos objetos de sua casa. Ramon Alves disse tamb\u00e9m que para se defender, acabou desferindo duas facadas no caminhoneiro, atingindo-o na regi\u00e3o da barriga.<\/p>\n<p>A v\u00edtima saiu da casa e procurou atendimento m\u00e9dico, mas n\u00e3o resistiu aos ferimentos e morreu no Hospital Santa Ros\u00e1lia, em Te\u00f3filo Otoni. J\u00e1 o autor foi para um ponto de \u00f4nibus na BR-116 e conduzido a Delegacia de Pol\u00edcia de Novo Cruzeiro para demais provid\u00eancias.<\/p>\n","protected":false},"excerpt":{"rendered":"<p>V\u00edtima foi atingida por duas facadas na regi\u00e3o da barriga. Autor foi preso em um ponto de \u00f4nibus na BR-116. Um caminhoneiro de 41 anos foi assassinado a facadas na manh\u00e3 de ter\u00e7a-feira, 17 de novembro, na comunidade de Fulg\u00eancio, em Cara\u00ed, no Vale do Jequitinhonha. De acordo com informa\u00e7\u00f5es da Pol\u00edcia Militar, Lafaete Ronaldo [&hellip;]<\/p>\n","protected":false},"author":1,"featured_media":45783,"comment_status":"open","ping_status":"closed","sticky":false,"template":"","format":"standard","meta":{"amp_status":"","footnotes":""},"categories":[120],"tags":[490,660,23485,23510,23486,23487],"class_list":["post-45746","post","type-post","status-publish","format-standard","has-post-thumbnail","hentry","category-jequi","tag-carai","tag-catuji","tag-homem-e-preso-apos-matar-caminhoneiro-a-facadas-em-carai","tag-lafaete-ronaldo-da-silva","tag-lafaiete-ramalho-da-silva","tag-ramon-alves-dos-santos"],"_links":{"self":[{"href":"https:\/\/aconteceunovale.com.br\/portal\/index.php?rest_route=\/wp\/v2\/posts\/45746","targetHints":{"allow":["GET"]}}],"collection":[{"href":"https:\/\/aconteceunovale.com.br\/portal\/index.php?rest_route=\/wp\/v2\/posts"}],"about":[{"href":"https:\/\/aconteceunovale.com.br\/portal\/index.php?rest_route=\/wp\/v2\/types\/post"}],"author":[{"embeddable":true,"href":"https:\/\/aconteceunovale.com.br\/portal\/index.php?rest_route=\/wp\/v2\/users\/1"}],"replies":[{"embeddable":true,"href":"https:\/\/aconteceunovale.com.br\/portal\/index.php?rest_route=%2Fwp%2Fv2%2Fcomments&post=45746"}],"version-history":[{"count":0,"href":"https:\/\/aconteceunovale.com.br\/portal\/index.php?rest_route=\/wp\/v2\/posts\/45746\/revisions"}],"wp:featuredmedia":[{"embeddable":true,"href":"https:\/\/aconteceunovale.com.br\/portal\/index.php?rest_route=\/wp\/v2\/media\/45783"}],"wp:attachment":[{"href":"https:\/\/aconteceunovale.com.br\/portal\/index.php?rest_route=%2Fwp%2Fv2%2Fmedia&parent=45746"}],"wp:term":[{"taxonomy":"category","embeddable":true,"href":"https:\/\/aconteceunovale.com.br\/portal\/index.php?rest_route=%2Fwp%2Fv2%2Fcategories&post=45746"},{"taxonomy":"post_tag","embeddable":true,"href":"https:\/\/aconteceunovale.com.br\/portal\/index.php?rest_route=%2Fwp%2Fv2%2Ftags&post=45746"}],"curies":[{"name":"wp","href":"https:\/\/api.w.org\/{rel}","templated":true}]}}