{"id":45730,"date":"2014-11-19T09:50:59","date_gmt":"2014-11-19T12:50:59","guid":{"rendered":"http:\/\/aconteceunovale.com.br\/portal\/?p=45730"},"modified":"2014-11-19T09:51:00","modified_gmt":"2014-11-19T12:51:00","slug":"consciencia-negra-so-e-feriado-em-18-das-cidades-brasileiras","status":"publish","type":"post","link":"https:\/\/aconteceunovale.com.br\/portal\/?p=45730","title":{"rendered":"Consci\u00eancia Negra s\u00f3 \u00e9 feriado em 18% das cidades brasileiras"},"content":{"rendered":"<p>O Brasil comemora nesta quinta-feira, 20, o Dia da Consci\u00eancia Negra, em refer\u00eancia \u00e0 morte de Zumbi dos Palmares &#8211; s\u00edmbolo da luta pela liberdade e valoriza\u00e7\u00e3o do povo afro-brasileiro. De 5.570 munic\u00edpios do Pa\u00eds, 1.047 adotaram a data como feriado, o que corresponde a 18,8%, segundo a Secretaria de Pol\u00edticas de Promo\u00e7\u00e3o da Igualdade Racial da Presid\u00eancia da Rep\u00fablica.<\/p>\n<p>Em S\u00e3o Paulo, a propor\u00e7\u00e3o de munic\u00edpios que decretaram feriado \u00e9 um pouco maior, 31,7%. Por cair em uma quinta-feira, milhares de pessoas na capital paulista pretendem aproveitar a data como um feriado prolongado, especialmente porque \u00e9 uma das poucas folgas em 2014. A Companhia de Engenharia de Tr\u00e1fego (CET) prev\u00ea que 1 6 milh\u00e3o de ve\u00edculos deixem S\u00e3o Paulo rumo ao litoral e ao interior, o que deve complicar o tr\u00e1fego nas estradas. Para evitar congestionamento, a recomenda\u00e7\u00e3o \u00e9 de que o motorista evite os hor\u00e1rios de pico, concentrados principalmente nesta quarta-feira, 19, \u00e0 noite e amanh\u00e3 at\u00e9 o in\u00edcio da tarde.<\/p>\n<p>O maior volume de ve\u00edculos deve passar pelo Corredor Ayrton Senna\/Carvalho Pinto, onde a concession\u00e1ria Ecopistas estima um fluxo de at\u00e9 933 mil carros entre hoje e amanh\u00e3. Somente pela pra\u00e7a de Itaquaquecetuba, deixando S\u00e3o Paulo em dire\u00e7\u00e3o \u00e0 regi\u00e3o serrana de Campos do Jord\u00e3o, litoral norte, Alto Tiet\u00ea, Vale do Para\u00edba e Rio de Janeiro, devem passar entre 180 mil e 249 mil ve\u00edculos. Em caso de forma\u00e7\u00e3o de filas, funcion\u00e1rios ir\u00e3o realizar a cobran\u00e7a do ped\u00e1gio ainda nas filas.<\/p>\n<p>O Sistema Anhanguera-Bandeirantes tamb\u00e9m ficar\u00e1 pesado, com previs\u00e3o de 860 mil ve\u00edculos entre a sa\u00edda e a chegada \u00e0 capital informou a AutoBan, que administra o sistema. No Sistema Castelo Branco-Raposo Tavares, a previs\u00e3o \u00e9 de que 530 mil ve\u00edculos circulem nos dois sentidos durante o feriado, conforme a Viaoeste.<\/p>\n<p>Quem sair da capital pela Rodovia Presidente Dutra dever\u00e1 enfrentar lentid\u00e3o no sentido do Vale do Para\u00edba. Estimativas do SOS Usu\u00e1rio preveem que cerca de 220 mil ve\u00edculos saiam de S\u00e3o Paulo e 165 mil ve\u00edculos deixem o Rio at\u00e9 sexta-feira, 21. Para orientar os motoristas sobre um acesso alternativo \u00e0 Rodovia Oswaldo Cruz, que liga a Via Dutra a Ubatuba, a concession\u00e1ria informar\u00e1 sobre a possibilidade de usar o acesso do quil\u00f4metro 112,5 da rodovia, na pista sentido Rio, al\u00e9m da sa\u00edda do quil\u00f4metro 111.<\/p>\n<h4>Litoral norte<\/h4>\n<p>Nos \u00faltimos fins de semana, por causa do calor, a Rodovia Rio-Santos, que liga as cidades de Ubatuba, Caraguatatuba e S\u00e3o Sebasti\u00e3o, vem apresentando lentid\u00e3o nos trechos urbanizados e de acesso \u00e0s praias. Os motoristas dever\u00e3o enfrentar congestionamentos de at\u00e9 uma hora e meia em percursos que duram, em m\u00e9dia, meia hora, entre Caraguatatuba e Ubatuba.<\/p>\n<p>Para quem se dirigir a Ilhabela, o problema ser\u00e1 a fila para embarcar nas balsas. Para o feriado prolongado, a Desenvolvimento Rodovi\u00e1rio S\/A (Dersa), que administra as rodovias paulistas, colocar\u00e1 em funcionamento mais uma balsa. A embarca\u00e7\u00e3o tem capacidade para 40 carros e 265 passageiros. Seis balsas v\u00e3o operar simultaneamente durante o per\u00edodo. A expectativa da Dersa \u00e9 de que o movimento seja cerca de 3% maior que o mesmo per\u00edodo de 2013. As informa\u00e7\u00f5es s\u00e3o da <strong>Ag\u00eancia Estado<\/strong>.<\/p>\n","protected":false},"excerpt":{"rendered":"<p>O Brasil comemora nesta quinta-feira, 20, o Dia da Consci\u00eancia Negra, em refer\u00eancia \u00e0 morte de Zumbi dos Palmares &#8211; s\u00edmbolo da luta pela liberdade e valoriza\u00e7\u00e3o do povo afro-brasileiro. De 5.570 munic\u00edpios do Pa\u00eds, 1.047 adotaram a data como feriado, o que corresponde a 18,8%, segundo a Secretaria de Pol\u00edticas de Promo\u00e7\u00e3o da Igualdade [&hellip;]<\/p>\n","protected":false},"author":1,"featured_media":45731,"comment_status":"open","ping_status":"closed","sticky":false,"template":"","format":"standard","meta":{"amp_status":"","footnotes":""},"categories":[6],"tags":[23465,23196,23466,23468,23467],"class_list":["post-45730","post","type-post","status-publish","format-standard","has-post-thumbnail","hentry","category-br","tag-consciencia-negra-so-e-feriado-em-18-das-cidades-brasileiras","tag-dia-da-consciencia-negra","tag-morte-de-zumbi-dos-palmares","tag-secretaria-de-politicas-de-promocao-da-igualdade-racial-da-presidencia-da-republica","tag-simbolo-da-luta-pela-liberdade-e-valorizacao-do-povo-afro-brasileiro"],"_links":{"self":[{"href":"https:\/\/aconteceunovale.com.br\/portal\/index.php?rest_route=\/wp\/v2\/posts\/45730","targetHints":{"allow":["GET"]}}],"collection":[{"href":"https:\/\/aconteceunovale.com.br\/portal\/index.php?rest_route=\/wp\/v2\/posts"}],"about":[{"href":"https:\/\/aconteceunovale.com.br\/portal\/index.php?rest_route=\/wp\/v2\/types\/post"}],"author":[{"embeddable":true,"href":"https:\/\/aconteceunovale.com.br\/portal\/index.php?rest_route=\/wp\/v2\/users\/1"}],"replies":[{"embeddable":true,"href":"https:\/\/aconteceunovale.com.br\/portal\/index.php?rest_route=%2Fwp%2Fv2%2Fcomments&post=45730"}],"version-history":[{"count":0,"href":"https:\/\/aconteceunovale.com.br\/portal\/index.php?rest_route=\/wp\/v2\/posts\/45730\/revisions"}],"wp:featuredmedia":[{"embeddable":true,"href":"https:\/\/aconteceunovale.com.br\/portal\/index.php?rest_route=\/wp\/v2\/media\/45731"}],"wp:attachment":[{"href":"https:\/\/aconteceunovale.com.br\/portal\/index.php?rest_route=%2Fwp%2Fv2%2Fmedia&parent=45730"}],"wp:term":[{"taxonomy":"category","embeddable":true,"href":"https:\/\/aconteceunovale.com.br\/portal\/index.php?rest_route=%2Fwp%2Fv2%2Fcategories&post=45730"},{"taxonomy":"post_tag","embeddable":true,"href":"https:\/\/aconteceunovale.com.br\/portal\/index.php?rest_route=%2Fwp%2Fv2%2Ftags&post=45730"}],"curies":[{"name":"wp","href":"https:\/\/api.w.org\/{rel}","templated":true}]}}