{"id":45720,"date":"2014-11-18T22:59:36","date_gmt":"2014-11-19T01:59:36","guid":{"rendered":"http:\/\/aconteceunovale.com.br\/portal\/?p=45720"},"modified":"2014-11-18T22:59:36","modified_gmt":"2014-11-19T01:59:36","slug":"anvisa-estuda-reclassificar-canabidiol-como-medicamento","status":"publish","type":"post","link":"https:\/\/aconteceunovale.com.br\/portal\/?p=45720","title":{"rendered":"Anvisa estuda reclassificar canabidiol como medicamento"},"content":{"rendered":"<p>O presidente substitudo da  Ag\u00eancia Nacional de Vigil\u00e2ncia Sanit\u00e1ria (Anvisa), Ivo Bucaresky, disse que a ag\u00eancia estuda reclassificar o canabidiol como medicamento. Ele explicou que levantamentos de estudos cient\u00edficos feitos pela Anvisa mostram que \u201cn\u00e3o h\u00e1 evid\u00eancia na literatura [cient\u00edfica] que ele causa depend\u00eancia ou que deixe as pessoas &#8216;doidonas&#8217;\u201d, disse. O canabidiol \u00e9 uma subst\u00e2ncia, presente na folha da maconha (Cannabis sativa), que \u00e9 usada para tratamento de doen\u00e7as neurol\u00f3gicas, c\u00e2ncer, mal de Parkinson, entre outras.<\/p>\n<p>\u201cPor ser um derivado da cannabis, o canadibiol estava incluso na Lista E, que \u00e9 a lista de plantas que podem originar subst\u00e2ncias entorpecentes e psicotr\u00f3picas, e na Lista F, que s\u00e3o susbt\u00e2ncias de uso proscrito no Brasil, de entorpecentes e psicotr\u00f3picos&#8221;, disse Bucaresky. Caso seja reclassificado, ele vai para a &#8220;Lista C1, que \u00e9 uma lista de [rem\u00e9dios] controlados que envolve uma s\u00e9rie de medicamentos, sejam medicamentos de grande grau de risco e, por isso, t\u00eam que ter controle, sejam medicamentos novos, que t\u00eam que ir testando&#8221;. Segundo o Bucaresky, a reclassifica\u00e7\u00e3o promete facilitar a importa\u00e7\u00e3o da subst\u00e2ncia por pessoas jur\u00eddicas e para pesquisas cient\u00edficas.<\/p>\n<p>Desde abril deste ano, a Anvisa recebeu mais de 200 pedidos para importa\u00e7\u00e3o do canabidiol.  Segundo Bucaresky, dos pedidos, 184 foram liberados e os demais aguardam an\u00e1lise. Bucaresky falou hoje (18) em audi\u00eancia p\u00fablica na Comiss\u00e3o de Seguridade Social e Fam\u00edlia da C\u00e2mara dos Deputados. Ainda segundo ele, o deferimento dos pedidos est\u00e1 ocorrendo em at\u00e9 nove dias.<\/p>\n<p>Durante a audi\u00eancia, pesquisadores defenderam o uso medicinal da subst\u00e2ncia. A legisla\u00e7\u00e3o brasileira considera ilegal a importa\u00e7\u00e3o do canabidiol, mas, recentemente, ap\u00f3s uma fam\u00edlia ter obtido na Justi\u00e7a o direito de importar a subst\u00e2ncia, a Anvisa passou a liberar a importa\u00e7\u00e3o ap\u00f3s an\u00e1lise caso a caso.<\/p>\n<p>Pais de Anny, Katiele e Noberto Fisher, ficaram conhecidos no pa\u00eds, ap\u00f3s a Justi\u00e7a conceder, em abril, a autoriza\u00e7\u00e3o para a importa\u00e7\u00e3o do canabidiol. A crian\u00e7a, com 5 anos, sofre de uma rara doen\u00e7a chamada s\u00edndrome de Rett CDKL5, que chegou a causar cerca 60 crises convulsivas em um \u00fanico dia.<\/p>\n<p>\u201cEla foi um beb\u00ea superplanejado, n\u00f3s planejamos essa gravidez desde que nasceu a nossa primeira filha. Eu estava com ela no colo quando teve a primeira convuls\u00e3o. Com 3 anos, ela conseguiu andar, mas em decorr\u00eancia da s\u00edndrome, em quatro meses ela perdeu tudo o que ela tinha conseguido em tr\u00eas anos\u201d, disse Katiele durante a audi\u00eancia. Ap\u00f3s ter o conhecimento da subst\u00e2ncia, os pais de Anny chegaram a \u201ctraficar\u201d a subst\u00e2ncia para medicar a filha. \u201cO que ela perdeu nesse per\u00edodo, o canabidiol recuperou em nove semanas\u201d, disse Katiele.<\/p>\n<p>Durante a audi\u00eancia,  pesquisadores defenderam a reclassifica\u00e7\u00e3o do canabidiol por parte da Anvisa. Segundo eles, o uso medicinal da subst\u00e2ncia tem efeitos positivos relevantes em pacientes com autismo, esclerose m\u00faltipla, dores neurop\u00e1ticas, c\u00e2ncer, epilepsia, mal de Parkinson e n\u00e3o causa efeitos psicoativos ou depend\u00eancia. \u201cReclassificar o canabidiol, tirando da condi\u00e7\u00e3o de subst\u00e2ncia proscrita, \u00e9 imprescind\u00edvel&#8221;, disse o professor da Universidade de Bras\u00edlia (UnB), Renato Malcher, que disse que desde 1843 h\u00e1 registros do uso medicinal da cannabis em pacientes com crises convulsivas.<\/p>\n<p>Segundo o professor e pesquisador da Universidade Federal de S\u00e3o Paulo (Unifesp), Elisaldo Carlini, o efeito positivo do canabidiol \u00e9 reconhecido h\u00e1 pelo menos 20 anos em pa\u00edses como Estados Unidos, Canad\u00e1 e tamb\u00e9m no Reino Unido. H\u00e1 mais de 50 anos ele acompanha pesquisas com canabinoides (subst\u00e2ncias extra\u00eddas da maconha). \u201cPor que \u00e9 t\u00e3o dif\u00edcil conseguir um medicamento que h\u00e1 20 anos muitos pa\u00edses j\u00e1 est\u00e3o utilizando, muitos laborat\u00f3rios j\u00e1 est\u00e3o produzindo?\u201d, questionou o pesquisador, que foi duas vezes presidente da Anvisa. \u201cMesmo estando l\u00e1, a gente n\u00e3o conseguia fazer nada, dada a press\u00e3o que existia sobre isso\u201d.<\/p>\n<p>Ainda de acordo com Carlini, a proibi\u00e7\u00e3o da utiliza\u00e7\u00e3o medicinal do canabidiol tem atrapalhado as pesquisas cient\u00edficas no pa\u00eds. H\u00e1 40 anos, ele come\u00e7ou a estudar o uso da subst\u00e2ncia com doentes epil\u00e9ticos adultos, mas as dificuldades em conseguir a libera\u00e7\u00e3o da subst\u00e2ncia afetaram sua pesquisa.<\/p>\n<p>Para Carlini, caso n\u00e3o houvesse a proibi\u00e7\u00e3o, as descobertas relatadas em outros pa\u00edses poderiam ter sido feitas no Brasil. \u201c[Com este atraso,] n\u00f3s estamos, como cientistas, atr\u00e1s de saber se o cavalo tem rabo ou n\u00e3o\u201d, reclamou. O presidente da Anvisa tamb\u00e9m reconheceu que a car\u00eancia de pesquisas cient\u00edficas interfere no uso do canabidiol  em diversos tipos de tratamento. \u201cAs pessoas n\u00e3o sabem a dosagem correta para dar e tem que ficar testando\u201d, disse. As informa\u00e7\u00f5es s\u00e3o da <strong>Ag\u00eancia Brasil<\/strong>.<\/p>\n","protected":false},"excerpt":{"rendered":"<p>O presidente substitudo da Ag\u00eancia Nacional de Vigil\u00e2ncia Sanit\u00e1ria (Anvisa), Ivo Bucaresky, disse que a ag\u00eancia estuda reclassificar o canabidiol como medicamento. Ele explicou que levantamentos de estudos cient\u00edficos feitos pela Anvisa mostram que \u201cn\u00e3o h\u00e1 evid\u00eancia na literatura [cient\u00edfica] que ele causa depend\u00eancia ou que deixe as pessoas &#8216;doidonas&#8217;\u201d, disse. O canabidiol \u00e9 uma [&hellip;]<\/p>\n","protected":false},"author":1,"featured_media":45721,"comment_status":"open","ping_status":"closed","sticky":false,"template":"","format":"standard","meta":{"amp_status":"","footnotes":""},"categories":[6],"tags":[2278,23453,20778,23454],"class_list":["post-45720","post","type-post","status-publish","format-standard","has-post-thumbnail","hentry","category-br","tag-anvisa","tag-anvisa-estuda-reclassificar-canabidiol-como-medicamento","tag-canabidiol","tag-cannabis"],"_links":{"self":[{"href":"https:\/\/aconteceunovale.com.br\/portal\/index.php?rest_route=\/wp\/v2\/posts\/45720","targetHints":{"allow":["GET"]}}],"collection":[{"href":"https:\/\/aconteceunovale.com.br\/portal\/index.php?rest_route=\/wp\/v2\/posts"}],"about":[{"href":"https:\/\/aconteceunovale.com.br\/portal\/index.php?rest_route=\/wp\/v2\/types\/post"}],"author":[{"embeddable":true,"href":"https:\/\/aconteceunovale.com.br\/portal\/index.php?rest_route=\/wp\/v2\/users\/1"}],"replies":[{"embeddable":true,"href":"https:\/\/aconteceunovale.com.br\/portal\/index.php?rest_route=%2Fwp%2Fv2%2Fcomments&post=45720"}],"version-history":[{"count":0,"href":"https:\/\/aconteceunovale.com.br\/portal\/index.php?rest_route=\/wp\/v2\/posts\/45720\/revisions"}],"wp:featuredmedia":[{"embeddable":true,"href":"https:\/\/aconteceunovale.com.br\/portal\/index.php?rest_route=\/wp\/v2\/media\/45721"}],"wp:attachment":[{"href":"https:\/\/aconteceunovale.com.br\/portal\/index.php?rest_route=%2Fwp%2Fv2%2Fmedia&parent=45720"}],"wp:term":[{"taxonomy":"category","embeddable":true,"href":"https:\/\/aconteceunovale.com.br\/portal\/index.php?rest_route=%2Fwp%2Fv2%2Fcategories&post=45720"},{"taxonomy":"post_tag","embeddable":true,"href":"https:\/\/aconteceunovale.com.br\/portal\/index.php?rest_route=%2Fwp%2Fv2%2Ftags&post=45720"}],"curies":[{"name":"wp","href":"https:\/\/api.w.org\/{rel}","templated":true}]}}