{"id":45716,"date":"2014-11-18T22:56:21","date_gmt":"2014-11-19T01:56:21","guid":{"rendered":"http:\/\/aconteceunovale.com.br\/portal\/?p=45716"},"modified":"2014-11-18T22:56:21","modified_gmt":"2014-11-19T01:56:21","slug":"juiz-diz-que-ver-eike-batista-no-banco-dos-reus-e-momento-historico","status":"publish","type":"post","link":"https:\/\/aconteceunovale.com.br\/portal\/?p=45716","title":{"rendered":"Juiz diz que ver Eike Batista no banco dos r\u00e9us \u00e9 momento hist\u00f3rico"},"content":{"rendered":"<p>O juiz federal Flavio Roberto de Souza, que preside o julgamento do empres\u00e1rio Eike Batista, classificou como hist\u00f3rica a presen\u00e7a do fundador do Grupo EBX no banco dos r\u00e9us. Eike \u00e9 acusado por manipula\u00e7\u00e3o do mercado e uso de informa\u00e7\u00f5es privilegiadas, referentes \u00e0 negocia\u00e7\u00e3o de a\u00e7\u00f5es da petroleira OGX, o que teria provocado preju\u00edzos a in\u00fameros investidores. A primeira audi\u00eancia de instru\u00e7\u00e3o come\u00e7ou por volta das 14h30 e terminou \u00e0s 17h, no pr\u00e9dio da Justi\u00e7a Federal no Rio de Janeiro, no centro da cidade.<\/p>\n<p>\u201cIsto indica um momento de mudan\u00e7a. \u00c9 um caso emblem\u00e1tico, considerando que \u00e9 a primeira vez que um r\u00e9u de renome internacional e com empresas fortes no mercado senta no banco dos r\u00e9us. Ele sempre foi o garoto-propaganda das suas pr\u00f3prias empresas e com um sonho megaloman\u00edaco de se tornar o homem mais rico do mundo. Ver uma pessoa com esse tipo de atitude sentada no banco dos r\u00e9us \u00e9 realmente um momento hist\u00f3rico para a Justi\u00e7a\u201d, declarou o juiz da 3\u00aa Vara Criminal Federal, ap\u00f3s o fim da sess\u00e3o.<\/p>\n<p>O procurador da Rep\u00fablica Jos\u00e9 Maria Panoeiro disse n\u00e3o ter d\u00favidas da culpa de Eike, e declarou, durante o julgamento, que crime de colarinho branco \u00e9 igual a crime comum. \u201cEu defendo a condena\u00e7\u00e3o dele pela manipula\u00e7\u00e3o de mercado, pois provocou oscila\u00e7\u00e3o das a\u00e7\u00f5es quando anunciou que ia botar R$ 1 bilh\u00e3o em um neg\u00f3cio, [quando] ele sabia que n\u00e3o ia [dispor] da quantia. Outra raz\u00e3o \u00e9 a utiliza\u00e7\u00e3o das informa\u00e7\u00f5es em rela\u00e7\u00e3o ao mercado, sabendo que ia ter uma baixa ou uma alta, com informa\u00e7\u00f5es que ningu\u00e9m tem. Acaba vendendo ou comprando as a\u00e7\u00f5es, manipulando, fazendo um insider trading\u201d (uso de informa\u00e7\u00f5es privilegiadas) &#8211; acusou o procurador.<\/p>\n<p>O advogado de defesa do empres\u00e1rio, S\u00e9rgio Bermudes, classificou inconsistentes as provas apresentadas pelo Minist\u00e9rio P\u00fablico. \u201cAs provas produzidas at\u00e9 agora desconvencem da acusa\u00e7\u00e3o formulada contra o cliente. Cabia ao Minist\u00e9rio P\u00fablico fazer provas afirmativas, claras e categ\u00f3ricas, e isso as testemunhas n\u00e3o fizeram. [Meu cliente] est\u00e1 absolutamente tranquilo\u201d, sustentou Bermudes. Segundo ele, n\u00e3o houve manipula\u00e7\u00e3o de mercado.<\/p>\n<p>O juiz estimou que, se condenado, Eike dever\u00e1 cumprir de oito a nove anos de pris\u00e3o. Duas novas audi\u00eancias foram marcadas, nos dias 10 e 17 de dezembro, quando Eike dever\u00e1 ser ouvido. A senten\u00e7a, segundo o magistrado, dever\u00e1 ser conhecida em janeiro ou, no mais tardar, em mar\u00e7o de 2015. Se condenado, Eike poder\u00e1 apelar ao Superior Tribunal de Justi\u00e7a (STJ) e ao Supremo Tribunal Federal (STF). O juiz disse que depender\u00e1 de sua senten\u00e7a, se o empres\u00e1rio, na eventual condena\u00e7\u00e3o, poder\u00e1 apelar em liberdade ou se ficar\u00e1 preso. As informa\u00e7\u00f5es s\u00e3o da <strong>Ag\u00eancia Brasil<\/strong>.<\/p>\n","protected":false},"excerpt":{"rendered":"<p>O juiz federal Flavio Roberto de Souza, que preside o julgamento do empres\u00e1rio Eike Batista, classificou como hist\u00f3rica a presen\u00e7a do fundador do Grupo EBX no banco dos r\u00e9us. Eike \u00e9 acusado por manipula\u00e7\u00e3o do mercado e uso de informa\u00e7\u00f5es privilegiadas, referentes \u00e0 negocia\u00e7\u00e3o de a\u00e7\u00f5es da petroleira OGX, o que teria provocado preju\u00edzos a [&hellip;]<\/p>\n","protected":false},"author":1,"featured_media":45717,"comment_status":"open","ping_status":"closed","sticky":false,"template":"","format":"standard","meta":{"amp_status":"","footnotes":""},"categories":[6],"tags":[23444,23445,23446,23447,23448,23443,23451,23452,23450,23449],"class_list":["post-45716","post","type-post","status-publish","format-standard","has-post-thumbnail","hentry","category-br","tag-eike-batista","tag-eike-batista-no-banco-dos-reus","tag-flavio-roberto-de-souza","tag-fundador-do-grupo-ebx-no-banco-dos-reus","tag-grupo-ebx","tag-juiz-diz-que-ver-eike-batista-no-banco-dos-reus-e-momento-historico","tag-julgamento","tag-justica-federal","tag-ogx","tag-petroleira-ogx"],"_links":{"self":[{"href":"https:\/\/aconteceunovale.com.br\/portal\/index.php?rest_route=\/wp\/v2\/posts\/45716","targetHints":{"allow":["GET"]}}],"collection":[{"href":"https:\/\/aconteceunovale.com.br\/portal\/index.php?rest_route=\/wp\/v2\/posts"}],"about":[{"href":"https:\/\/aconteceunovale.com.br\/portal\/index.php?rest_route=\/wp\/v2\/types\/post"}],"author":[{"embeddable":true,"href":"https:\/\/aconteceunovale.com.br\/portal\/index.php?rest_route=\/wp\/v2\/users\/1"}],"replies":[{"embeddable":true,"href":"https:\/\/aconteceunovale.com.br\/portal\/index.php?rest_route=%2Fwp%2Fv2%2Fcomments&post=45716"}],"version-history":[{"count":0,"href":"https:\/\/aconteceunovale.com.br\/portal\/index.php?rest_route=\/wp\/v2\/posts\/45716\/revisions"}],"wp:featuredmedia":[{"embeddable":true,"href":"https:\/\/aconteceunovale.com.br\/portal\/index.php?rest_route=\/wp\/v2\/media\/45717"}],"wp:attachment":[{"href":"https:\/\/aconteceunovale.com.br\/portal\/index.php?rest_route=%2Fwp%2Fv2%2Fmedia&parent=45716"}],"wp:term":[{"taxonomy":"category","embeddable":true,"href":"https:\/\/aconteceunovale.com.br\/portal\/index.php?rest_route=%2Fwp%2Fv2%2Fcategories&post=45716"},{"taxonomy":"post_tag","embeddable":true,"href":"https:\/\/aconteceunovale.com.br\/portal\/index.php?rest_route=%2Fwp%2Fv2%2Ftags&post=45716"}],"curies":[{"name":"wp","href":"https:\/\/api.w.org\/{rel}","templated":true}]}}