{"id":45690,"date":"2014-11-18T19:44:12","date_gmt":"2014-11-18T22:44:12","guid":{"rendered":"http:\/\/aconteceunovale.com.br\/portal\/?p=45690"},"modified":"2014-11-18T19:45:11","modified_gmt":"2014-11-18T22:45:11","slug":"mec-publica-edital-para-1500-vagas-de-curso-online-de-frances","status":"publish","type":"post","link":"https:\/\/aconteceunovale.com.br\/portal\/?p=45690","title":{"rendered":"MEC publica edital para 1500 vagas de curso online de franc\u00eas"},"content":{"rendered":"<p>O Minist\u00e9rio da Educa\u00e7\u00e3o publicou hoje (18)\u00a0<a href=\"http:\/\/pesquisa.in.gov.br\/imprensa\/jsp\/visualiza\/index.jsp?jornal=3&amp;pagina=58&amp;data=18\/11\/2014\" target=\"_blank\">edital do processo seletivo<\/a>\u00a0para acesso ao curso\u00a0<em>online<\/em>\u00a0de l\u00edngua francesa ofertado pela Embaixada da Fran\u00e7a em parceria com a Alian\u00e7a Francesa. A iniciativa faz parte do Programa Idioma sem Fronteiras.<\/p>\n<p>De acordo com o texto, ser\u00e3o ofertadas 1,5 mil senhas de acesso ao curso, que ser\u00e3o distribu\u00eddas entre alunos de universidades federais, universidades estaduais e institutos federais credenciados ao programa, conforme tabela dispon\u00edvel no endere\u00e7o eletr\u00f4nico <a href=\"http:\/\/isf.mec.gov.br\/frances\" target=\"_blank\">isf.mec.gov.br\/frances<\/a>.<\/p>\n<p>As inscri\u00e7\u00f5es ser\u00e3o feitas exclusivamente pela internet. O sistema ficar\u00e1 dispon\u00edvel para os candidatos das 12h do dia 21 de novembro at\u00e9 12h do dia 8 de dezembro (hor\u00e1rio de Bras\u00edlia).<\/p>\n<p>A divulga\u00e7\u00e3o dos resultados ser\u00e1 feita por meio do\u00a0<em>site<\/em>\u00a0do programa e pelo<em>\u00a0e-mail\u00a0<\/em>cadastrado no sistema pelo candidato. Os alunos selecionados receber\u00e3o nome de usu\u00e1rio e senha de acesso ao curso no dia 23 de fevereiro de 2015.<\/p>\n<p>\u201cSe, ap\u00f3s sete dias do recebimento do c\u00f3digo de acesso enviado por\u00a0<em>e-mail<\/em>\u00a0pela Alian\u00e7a Francesa, o aluno n\u00e3o realizar seu cadastro na plataforma do curso Fran\u00e7ais sans Fronti\u00e8res [Franc\u00eas sem Fronteiras], receber\u00e1 comunicado por\u00a0<em>e-mail<\/em>\u00a0reiterando que deve acessar a plataforma em at\u00e9 cinco dias para ativar seu cadastro. Se ainda assim o aluno n\u00e3o efetivar sua matr\u00edcula, ser\u00e1 impossibilitado de participar do curso e de concorrer a qualquer edital futuro do programa\u201d, destacou o minist\u00e9rio.<\/p>\n","protected":false},"excerpt":{"rendered":"<p>O Minist\u00e9rio da Educa\u00e7\u00e3o publicou hoje (18)\u00a0edital do processo seletivo\u00a0para acesso ao curso\u00a0online\u00a0de l\u00edngua francesa ofertado pela Embaixada da Fran\u00e7a em parceria com a Alian\u00e7a Francesa. A iniciativa faz parte do Programa Idioma sem Fronteiras. De acordo com o texto, ser\u00e3o ofertadas 1,5 mil senhas de acesso ao curso, que ser\u00e3o distribu\u00eddas entre alunos de [&hellip;]<\/p>\n","protected":false},"author":1,"featured_media":45691,"comment_status":"open","ping_status":"closed","sticky":false,"template":"","format":"standard","meta":{"amp_status":"","footnotes":""},"categories":[6],"tags":[23414,23410,23412,23411,23413,23409,22390],"class_list":["post-45690","post","type-post","status-publish","format-standard","has-post-thumbnail","hentry","category-br","tag-alianca-francesa","tag-curso-online-de-frances","tag-fraces-sem-fronteira","tag-francais-san-frontiere","tag-frances-em-fronteiras","tag-mec-publica-edital-para-1500-vagas-de-curso-online-de-frances","tag-ministerio-da-educacao"],"_links":{"self":[{"href":"https:\/\/aconteceunovale.com.br\/portal\/index.php?rest_route=\/wp\/v2\/posts\/45690","targetHints":{"allow":["GET"]}}],"collection":[{"href":"https:\/\/aconteceunovale.com.br\/portal\/index.php?rest_route=\/wp\/v2\/posts"}],"about":[{"href":"https:\/\/aconteceunovale.com.br\/portal\/index.php?rest_route=\/wp\/v2\/types\/post"}],"author":[{"embeddable":true,"href":"https:\/\/aconteceunovale.com.br\/portal\/index.php?rest_route=\/wp\/v2\/users\/1"}],"replies":[{"embeddable":true,"href":"https:\/\/aconteceunovale.com.br\/portal\/index.php?rest_route=%2Fwp%2Fv2%2Fcomments&post=45690"}],"version-history":[{"count":0,"href":"https:\/\/aconteceunovale.com.br\/portal\/index.php?rest_route=\/wp\/v2\/posts\/45690\/revisions"}],"wp:featuredmedia":[{"embeddable":true,"href":"https:\/\/aconteceunovale.com.br\/portal\/index.php?rest_route=\/wp\/v2\/media\/45691"}],"wp:attachment":[{"href":"https:\/\/aconteceunovale.com.br\/portal\/index.php?rest_route=%2Fwp%2Fv2%2Fmedia&parent=45690"}],"wp:term":[{"taxonomy":"category","embeddable":true,"href":"https:\/\/aconteceunovale.com.br\/portal\/index.php?rest_route=%2Fwp%2Fv2%2Fcategories&post=45690"},{"taxonomy":"post_tag","embeddable":true,"href":"https:\/\/aconteceunovale.com.br\/portal\/index.php?rest_route=%2Fwp%2Fv2%2Ftags&post=45690"}],"curies":[{"name":"wp","href":"https:\/\/api.w.org\/{rel}","templated":true}]}}