{"id":45670,"date":"2014-11-18T17:56:47","date_gmt":"2014-11-18T20:56:47","guid":{"rendered":"http:\/\/aconteceunovale.com.br\/portal\/?p=45670"},"modified":"2014-11-18T17:56:47","modified_gmt":"2014-11-18T20:56:47","slug":"plantao-do-samu-no-norte-de-minas-gerais-17-de-novembro-de-2014","status":"publish","type":"post","link":"https:\/\/aconteceunovale.com.br\/portal\/?p=45670","title":{"rendered":"Plant\u00e3o do Samu no Norte de Minas Gerais &#8211; 17 de novembro de 2014"},"content":{"rendered":"<h4>\n<h4><strong>Segunda-feira, 17 de novembro de 2014<\/strong><\/h4>\n<\/h4>\n<p>A unidade do SAMU de Montes Claros realizou nesta segunda-feira, 17\/11, 51 atendimentos, sendo 37 casos cl\u00ednicos e 14 em decorr\u00eancia de acidente de tr\u00e2nsito, todos envolvendo motocicleta.<\/p>\n<p>A unidade do SAMU foi acionada \u00e0s 22h29 para atendimento a duas pessoas que ficaram feridas ap\u00f3s colis\u00e3o entre carro e moto na Rua Sinuca Andrade, bairro Vera Cruz. Uma mulher de 19 anos, que estava na garupa da moto, apresentava edema nasal e se queixava de dor na cabe\u00e7a. Um homem de 34 anos, que estava na bicicleta, apresentava escoria\u00e7\u00f5es pelo corpo, corte contuso na face.<\/p>\n<p>\u00c0s 17h58, um homem de 29 anos caiu de moto a Rua Rui Albuquerque, bairro Vilage do Lago I, e apresentava escoria\u00e7\u00f5es na perna esquerda e se queixava de dor no ombro esquerdo. <\/p>\n<p>\u00c0s 17h27, uma mulher de 74 anos foi atropelada por uma moto na Rua Argentina, bairro Dr. Jo\u00e3o Alves, e se queixava de dor no bra\u00e7o esquerdo, com prov\u00e1vel fratura, dor na regi\u00e3o lombar e no p\u00e9 esquerdo. <\/p>\n<p>\u00c0s 17h25, um homem de 34 anos ficou ferido ap\u00f3s colidir de moto contra uma vaca, na BR-365, bairro Major Prates. Ele se queixava de dor forte na regi\u00e3o frontal da cabe\u00e7a, prov\u00e1vel fratura de punho e clav\u00edcula, se queixando de dor ao se movimentar. <\/p>\n<p>A unidade do Samu foi acionada para atendimento a vitimas de um acidente envolvendo um carro e uma moto ocorrido \u00e0s 13h37, na Rua Presidente Kennedy, bairro Edgar Pereira. Um homem de 26 anos, que conduzia a moto, sem ferimentos aparentes.  Um menino de 6 anos, que estava no carro, se queixava de dor, mas tamb\u00e9m n\u00e3o apresentava ferimentos. Ambos foram liberados no local, ap\u00f3s avalia\u00e7\u00e3o pelos socorristas.<\/p>\n<p>Uma mulher de 24 anos ficou ferida em uma colis\u00e3o entre moto e carro ocorrida \u00e0s 13h40, na Rua Senador Teot\u00f4nio Vilela, bairro Vila Regina. Ela estava na garupa da moto e sofreu prov\u00e1vel fratura no punho direito. O condutor da moto, de 24 anos, se queixava de dor, sem sinais de fratura, e foi liberado no local ap\u00f3s avalia\u00e7\u00e3o dos socorristas.<\/p>\n<p>\u00c0s 12h35, um homem de 57 anos ficou ferido em uma colis\u00e3o entre carro e moto ocorrida na Rua Benjamim dos Anjos, bairro Melo. Ele foi encontrado deambulando no local do acidente, consciente e orientado, apresentando escoria\u00e7\u00f5es nos bra\u00e7os e pernas, sem sinais de fratura. <\/p>\n<p>\u00c0s 10h12, a unidade do Samu foi acionada para atendimento a um homem de 64 anos que se feriu em um acidente envolvendo um carro e uma moto, na Rua S\u00e3o Vicente de Paulo, bairro S\u00e3o Jos\u00e9. Ele conduzia a moto e apresentava escoria\u00e7\u00f5es na perna direita. <\/p>\n<p>\u00c0s 08h04, uma mulher de 30 anos ficou ferida ap\u00f3s colidir de moto contra um carro no cruzamento entre a Rua Raul Correa e Avenida Vicente Guimar\u00e3es, bairro Major Prates. Ela apresentava escoria\u00e7\u00f5es nos bra\u00e7os e pernas, com sangramento na perna esquerda. No mesmo hor\u00e1rio, um homem de 24 anos tamb\u00e9m ficou ferido ap\u00f3s colidir de moto contra um carro na Avenida Deputado Pl\u00ednio Ribeiro, bairro Esplanada. Ele foi encontrado pelos socorristas ca\u00eddo ao solo, mas estava consciente e orientado, se queixando de dor abdominal.<\/p>\n<p>Em todas as ocorr\u00eancias os feridos receberam os primeiros atendimentos no local e foram encaminhados ao hospital para avalia\u00e7\u00e3o.<\/p>\n","protected":false},"excerpt":{"rendered":"<p>Segunda-feira, 17 de novembro de 2014 A unidade do SAMU de Montes Claros realizou nesta segunda-feira, 17\/11, 51 atendimentos, sendo 37 casos cl\u00ednicos e 14 em decorr\u00eancia de acidente de tr\u00e2nsito, todos envolvendo motocicleta. A unidade do SAMU foi acionada \u00e0s 22h29 para atendimento a duas pessoas que ficaram feridas ap\u00f3s colis\u00e3o entre carro e [&hellip;]<\/p>\n","protected":false},"author":1,"featured_media":37592,"comment_status":"open","ping_status":"closed","sticky":false,"template":"","format":"standard","meta":{"amp_status":"","footnotes":""},"categories":[1236],"tags":[210,18898,20605,23394,13731],"class_list":["post-45670","post","type-post","status-publish","format-standard","has-post-thumbnail","hentry","category-norte_de_minas","tag-montes-claros","tag-plantao-do-samu-macro-norte","tag-plantao-do-samu-no-norte-de-minas","tag-plantao-do-samu-no-norte-de-minas-gerais-17-de-novembro-de-2014","tag-samu"],"_links":{"self":[{"href":"https:\/\/aconteceunovale.com.br\/portal\/index.php?rest_route=\/wp\/v2\/posts\/45670","targetHints":{"allow":["GET"]}}],"collection":[{"href":"https:\/\/aconteceunovale.com.br\/portal\/index.php?rest_route=\/wp\/v2\/posts"}],"about":[{"href":"https:\/\/aconteceunovale.com.br\/portal\/index.php?rest_route=\/wp\/v2\/types\/post"}],"author":[{"embeddable":true,"href":"https:\/\/aconteceunovale.com.br\/portal\/index.php?rest_route=\/wp\/v2\/users\/1"}],"replies":[{"embeddable":true,"href":"https:\/\/aconteceunovale.com.br\/portal\/index.php?rest_route=%2Fwp%2Fv2%2Fcomments&post=45670"}],"version-history":[{"count":0,"href":"https:\/\/aconteceunovale.com.br\/portal\/index.php?rest_route=\/wp\/v2\/posts\/45670\/revisions"}],"wp:featuredmedia":[{"embeddable":true,"href":"https:\/\/aconteceunovale.com.br\/portal\/index.php?rest_route=\/wp\/v2\/media\/37592"}],"wp:attachment":[{"href":"https:\/\/aconteceunovale.com.br\/portal\/index.php?rest_route=%2Fwp%2Fv2%2Fmedia&parent=45670"}],"wp:term":[{"taxonomy":"category","embeddable":true,"href":"https:\/\/aconteceunovale.com.br\/portal\/index.php?rest_route=%2Fwp%2Fv2%2Fcategories&post=45670"},{"taxonomy":"post_tag","embeddable":true,"href":"https:\/\/aconteceunovale.com.br\/portal\/index.php?rest_route=%2Fwp%2Fv2%2Ftags&post=45670"}],"curies":[{"name":"wp","href":"https:\/\/api.w.org\/{rel}","templated":true}]}}