{"id":45658,"date":"2014-11-18T13:50:20","date_gmt":"2014-11-18T16:50:20","guid":{"rendered":"http:\/\/aconteceunovale.com.br\/portal\/?p=45658"},"modified":"2014-11-18T21:38:23","modified_gmt":"2014-11-19T00:38:23","slug":"sargento-da-policia-militar-e-baleado-no-leste-de-minas","status":"publish","type":"post","link":"https:\/\/aconteceunovale.com.br\/portal\/?p=45658","title":{"rendered":"Sargento da Pol\u00edcia Militar \u00e9 baleado no Leste de Minas"},"content":{"rendered":"<h4><strong><em>Militar foi baleado na cabe\u00e7a. <a href=\"http:\/\/aconteceunovale.com.br\/portal\/?p=45701\" target=\"_blank\">Suspeitos de 36 e 63 anos foram presos<\/a>.<\/em><\/strong><\/h4>\n<p>Um sargento da Pol\u00edcia Militar foi v\u00edtima de uma tentativa de homic\u00eddio na madrugada desta ter\u00e7a-feira, 18 de novembro, em Dom Cavati, no Leste de Minas Gerais. <\/p>\n<p>De acordo com informa\u00e7\u00f5es, Francisco Edvalter Neves, de Caratinga, estava em frente a um bar localizado na Avenida Washington Lu\u00eds, quando dois homens de 36 e 63 anos passaram pelo local em uma motocicleta e o carona efetuou v\u00e1rios disparos de arma de fogo contra o militar.<\/p>\n<p><img decoding=\"async\" src=\"http:\/\/aconteceunovale.com.br\/portal\/wp-content\/uploads\/2014\/11\/sargento_baleado_1.jpg\" alt=\"\" \/><em>Militar foi baleado em frente a um bar de Dom Cavati &#8211; Foto: TV Super Canal<\/em><br \/>\n<\/br><\/p>\n<p>O policial ficou gravemente ferido. Ele foi socorrido e encaminhado para o Hospital M\u00e1rcio Cunha, em Ipatinga. De acordo com a unidade de sa\u00fade, \u00e0s 10 horas da manh\u00e3 desta ter\u00e7a-feira, ele deu entrada no bloco cir\u00fargico. O seu estado de sa\u00fade \u00e9 grave.<\/p>\n<p>A Pol\u00edcia Militar iniciou rastreamentos e localizou os autores M.A.O e J.S.S escondidos em um cafezal. Os homens foram presos e encaminhados \u00e0 Delegacia de Pol\u00edcia para demais provid\u00eancias.<\/p>\n<p><img decoding=\"async\" src=\"http:\/\/aconteceunovale.com.br\/portal\/wp-content\/uploads\/2014\/11\/edvalter_alves.jpg\" alt=\"\" \/><em>Militar foi baleado em frente a um bar de Dom Cavati &#8211; Foto: Divulga\u00e7\u00e3o<\/em><\/p>\n","protected":false},"excerpt":{"rendered":"<p>Militar foi baleado na cabe\u00e7a. Suspeitos de 36 e 63 anos foram presos. Um sargento da Pol\u00edcia Militar foi v\u00edtima de uma tentativa de homic\u00eddio na madrugada desta ter\u00e7a-feira, 18 de novembro, em Dom Cavati, no Leste de Minas Gerais. De acordo com informa\u00e7\u00f5es, Francisco Edvalter Neves, de Caratinga, estava em frente a um bar [&hellip;]<\/p>\n","protected":false},"author":1,"featured_media":45675,"comment_status":"open","ping_status":"closed","sticky":false,"template":"","format":"standard","meta":{"amp_status":"","footnotes":""},"categories":[121],"tags":[237,23372,23371,201,23375,23374,23370,23369,23373],"class_list":["post-45658","post","type-post","status-publish","format-standard","has-post-thumbnail","hentry","category-leste","tag-caratinga","tag-edvalter-neves","tag-francisco-edvalter-neves","tag-ipatinga","tag-militar-baleado-em-dom-cavati","tag-policial-baleado-em-dom-cavati","tag-sargento-da-policia-militar-e-baleado-em-dom-cavati","tag-sargento-da-policia-militar-e-baleado-no-leste-de-minas","tag-sargento-edvalter-neves"],"_links":{"self":[{"href":"https:\/\/aconteceunovale.com.br\/portal\/index.php?rest_route=\/wp\/v2\/posts\/45658","targetHints":{"allow":["GET"]}}],"collection":[{"href":"https:\/\/aconteceunovale.com.br\/portal\/index.php?rest_route=\/wp\/v2\/posts"}],"about":[{"href":"https:\/\/aconteceunovale.com.br\/portal\/index.php?rest_route=\/wp\/v2\/types\/post"}],"author":[{"embeddable":true,"href":"https:\/\/aconteceunovale.com.br\/portal\/index.php?rest_route=\/wp\/v2\/users\/1"}],"replies":[{"embeddable":true,"href":"https:\/\/aconteceunovale.com.br\/portal\/index.php?rest_route=%2Fwp%2Fv2%2Fcomments&post=45658"}],"version-history":[{"count":0,"href":"https:\/\/aconteceunovale.com.br\/portal\/index.php?rest_route=\/wp\/v2\/posts\/45658\/revisions"}],"wp:featuredmedia":[{"embeddable":true,"href":"https:\/\/aconteceunovale.com.br\/portal\/index.php?rest_route=\/wp\/v2\/media\/45675"}],"wp:attachment":[{"href":"https:\/\/aconteceunovale.com.br\/portal\/index.php?rest_route=%2Fwp%2Fv2%2Fmedia&parent=45658"}],"wp:term":[{"taxonomy":"category","embeddable":true,"href":"https:\/\/aconteceunovale.com.br\/portal\/index.php?rest_route=%2Fwp%2Fv2%2Fcategories&post=45658"},{"taxonomy":"post_tag","embeddable":true,"href":"https:\/\/aconteceunovale.com.br\/portal\/index.php?rest_route=%2Fwp%2Fv2%2Ftags&post=45658"}],"curies":[{"name":"wp","href":"https:\/\/api.w.org\/{rel}","templated":true}]}}