{"id":45648,"date":"2014-11-18T12:51:49","date_gmt":"2014-11-18T15:51:49","guid":{"rendered":"http:\/\/aconteceunovale.com.br\/portal\/?p=45648"},"modified":"2014-11-18T13:01:11","modified_gmt":"2014-11-18T16:01:11","slug":"caminhao-desgovernado-atinge-casa-em-sao-goncalo-do-rio-preto","status":"publish","type":"post","link":"https:\/\/aconteceunovale.com.br\/portal\/?p=45648","title":{"rendered":"Caminh\u00e3o desgovernado atinge casa em S\u00e3o Gon\u00e7alo do Rio Preto"},"content":{"rendered":"<h4><em><strong>Motorista e carona ficaram feridos. Esse \u00e9 o segundo acidente envolvendo caminh\u00f5es no local em menos de oito meses.<\/strong><\/em><\/h4>\n<p>Mais um acidente envolvendo ve\u00edculos de carga assustou a popula\u00e7\u00e3o de S\u00e3o Gon\u00e7alo do Rio Preto, na microrregi\u00e3o de Diamantina, no Vale do Jequitinhonha. Esse \u00e9 o segundo em menos de oito meses. Prefeitura mobiliza a popula\u00e7\u00e3o, para juntos cobrarem solu\u00e7\u00f5es junto ao Departamento de Estradas e Rodagens de Minas Gerais (DER).<\/p>\n<p><img decoding=\"async\" src=\"http:\/\/aconteceunovale.com.br\/portal\/wp-content\/uploads\/2014\/11\/acidente_rio_preto_18_1.jpg\" alt=\"\" \/><em>Caminh\u00e3o desceu a rua desgovernado e bateu em uma resid\u00eancia &#8211; Foto: Paulo Lopes<\/em><br \/>\n<\/br><\/p>\n<p>Na manh\u00e3 desta ter\u00e7a-feira, 18 de novembro, um caminh\u00e3o desgovernado atingiu uma resid\u00eancia no trecho urbano da MG-214. De acordo com informa\u00e7\u00f5es, o caminh\u00e3o placa GYG-7456, placa de Uberl\u00e2ndia descia a rodovia, quando por uma falha mec\u00e2nica, o condutor perdeu o controle da dire\u00e7\u00e3o e provocou o acidente.<\/p>\n<p>Com o impacto da batida, o caminhoneiro Jo\u00e3o Batista N. e o ajudante Israel S.N ficaram feridos. Eles receberam os primeiros atendimentos na Unidade de Sa\u00fade da cidade e posteriormente foram encaminhados para Diamantina, onde passam por exames de rotina e medica\u00e7\u00e3o adequada.<\/p>\n<h4>Segundo caso em menos de oito meses<\/h4>\n<p>Esse \u00e9 o segundo acidente envolvendo caminh\u00f5es em menos de oito meses. No in\u00edcio do m\u00eas de abril deste ano, <a href=\"http:\/\/aconteceunovale.com.br\/portal\/?p=25573\" target=\"_blank\">um caminh\u00e3o que transportava equipamentos do projeto \u201cMinas ao Luar\u201d perdeu o freio na descida da Serra e bateu na mureta da Pra\u00e7a da Matriz<\/a>. Com o impacto da batida, duas pessoas morreram e outras seis ficaram gravemente feridas. <\/p>\n<p><img decoding=\"async\" src=\"http:\/\/aconteceunovale.com.br\/portal\/wp-content\/uploads\/2014\/11\/acidente_rio_preto_18_2.jpg\" alt=\"\" \/><em>Caminh\u00e3o desceu a rua desgovernado e bateu em uma resid\u00eancia &#8211; Foto: Paulo Lopes<\/em><br \/>\n<\/br><\/p>\n<h4>Prefeitura mobiliza a popula\u00e7\u00e3o<\/h4>\n<p>A Prefeitura Municipal de S\u00e3o Gon\u00e7alo do Rio Preto mobiliza a popula\u00e7\u00e3o do munic\u00edpio, para que juntos possam cobrar junto ao DER solu\u00e7\u00f5es eficazes para o problema. <\/p>\n<p>Em nota divulgada, a administra\u00e7\u00e3o municipal lembra que vereadores, secret\u00e1rios e moradores j\u00e1 entraram com v\u00e1rias solicita\u00e7\u00f5es de adequa\u00e7\u00e3o da estrada, instala\u00e7\u00e3o de sinaliza\u00e7\u00e3o, redutores de velocidade, por\u00e9m nada adiantou.<\/p>\n<p>Confira na \u00edntegra a nota divulgada:<\/p>\n<p><em>A Prefeitura de S\u00e3o Gon\u00e7alo do Rio Preto vem por esta nota, lamentar e reivindicar o direito a seguran\u00e7a p\u00fablica ao Departamento de Estradas de Rodagem de Minas Gerais (DER\/MG) e em clamor convocar a todos os riopretanos para juntos promovermos uma mobiliza\u00e7\u00e3o na sede do \u00f3rg\u00e3o em Diamantina.<\/p>\n<p>\u00c9 bom lembrar que vereadores, secret\u00e1rios, moradores, amigos e o poder executivo da cidade j\u00e1 entraram com v\u00e1rias solicita\u00e7\u00f5es de adequa\u00e7\u00e3o da estrada, instala\u00e7\u00e3o de sinaliza\u00e7\u00e3o no local, a insufici\u00eancia de faixa de pedestres, redutores de velocidade, mas nada adiantou. Fomos v\u00edtimas de mais uma trag\u00e9dia hoje na manh\u00e3 de 18 de novembro de 2014. Mais um acidente aconteceu no cora\u00e7\u00e3o da nossa cidade, que mais uma vez saiu ferida, felizmente sem v\u00edtimas fatais.<\/p>\n<p>Nosso prefeito, juntamente com toda a c\u00e2mara legislativa, apoiado por todos os vereadores, recorreu ao DER e ao poder p\u00fablico atrav\u00e9s do Minist\u00e9rio P\u00fablico e nada foi resolvido. N\u00e3o podemos deixar que o medo tome posse de n\u00f3s, vamos \u00e0s ruas sim e dessa vez n\u00e3o \u00e9 para ver mais um acidente em frente \u00e0 Igreja Matriz, dessa vez vamos \u00e0s ruas para pedir justi\u00e7a, seguran\u00e7a e provid\u00eancias imediatas.<\/em><\/p>\n<p><img decoding=\"async\" src=\"http:\/\/aconteceunovale.com.br\/portal\/wp-content\/uploads\/2014\/11\/acidente_rio_preto_18_3.jpg\" alt=\"\" \/><em>Carro de passeio foi atingido pelo caminh\u00e3o &#8211; Foto: Paulo Lopes<\/em><br \/>\n<\/br><\/p>\n<h4>Medidas paliativas insuficientes<\/h4>\n<p>De acordo com Paulo Lopes, jornalista e publicit\u00e1rio da Prefeitura Municipal de S\u00e3o Gon\u00e7alo do Rio Preto, ap\u00f3s o acidente ocorrido em abril, foram realizadas reuni\u00f5es com representantes do DER. Na \u00e9poca foram acordados, na presen\u00e7a de moradores e autoridades, a implementa\u00e7\u00e3o de medidas para solu\u00e7\u00e3o do problema. Por\u00e9m, segundo o jornalista, as medidas paliativas adotadas foram insuficientes.<\/p>\n<p><img decoding=\"async\" src=\"http:\/\/aconteceunovale.com.br\/portal\/wp-content\/uploads\/2014\/11\/acidente_rio_preto_18_4.jpg\" alt=\"\" \/><em>Caminh\u00e3o desceu a rua desgovernado e bateu em uma resid\u00eancia &#8211; Foto: Paulo Lopes<\/em><\/p>\n","protected":false},"excerpt":{"rendered":"<p>Motorista e carona ficaram feridos. Esse \u00e9 o segundo acidente envolvendo caminh\u00f5es no local em menos de oito meses. Mais um acidente envolvendo ve\u00edculos de carga assustou a popula\u00e7\u00e3o de S\u00e3o Gon\u00e7alo do Rio Preto, na microrregi\u00e3o de Diamantina, no Vale do Jequitinhonha. Esse \u00e9 o segundo em menos de oito meses. Prefeitura mobiliza a [&hellip;]<\/p>\n","protected":false},"author":1,"featured_media":45649,"comment_status":"open","ping_status":"closed","sticky":false,"template":"","format":"standard","meta":{"amp_status":"","footnotes":""},"categories":[120],"tags":[23367,23366,1018,198,783,221],"class_list":["post-45648","post","type-post","status-publish","format-standard","has-post-thumbnail","hentry","category-jequi","tag-acidente-em-sao-goncalo-do-rio-preto","tag-caminhao-desgovernado-atinge-casa-em-sao-goncalo-do-rio-preto","tag-destaque","tag-diamantina","tag-sao-goncalo-do-rio-preto","tag-uberlandia"],"_links":{"self":[{"href":"https:\/\/aconteceunovale.com.br\/portal\/index.php?rest_route=\/wp\/v2\/posts\/45648","targetHints":{"allow":["GET"]}}],"collection":[{"href":"https:\/\/aconteceunovale.com.br\/portal\/index.php?rest_route=\/wp\/v2\/posts"}],"about":[{"href":"https:\/\/aconteceunovale.com.br\/portal\/index.php?rest_route=\/wp\/v2\/types\/post"}],"author":[{"embeddable":true,"href":"https:\/\/aconteceunovale.com.br\/portal\/index.php?rest_route=\/wp\/v2\/users\/1"}],"replies":[{"embeddable":true,"href":"https:\/\/aconteceunovale.com.br\/portal\/index.php?rest_route=%2Fwp%2Fv2%2Fcomments&post=45648"}],"version-history":[{"count":0,"href":"https:\/\/aconteceunovale.com.br\/portal\/index.php?rest_route=\/wp\/v2\/posts\/45648\/revisions"}],"wp:featuredmedia":[{"embeddable":true,"href":"https:\/\/aconteceunovale.com.br\/portal\/index.php?rest_route=\/wp\/v2\/media\/45649"}],"wp:attachment":[{"href":"https:\/\/aconteceunovale.com.br\/portal\/index.php?rest_route=%2Fwp%2Fv2%2Fmedia&parent=45648"}],"wp:term":[{"taxonomy":"category","embeddable":true,"href":"https:\/\/aconteceunovale.com.br\/portal\/index.php?rest_route=%2Fwp%2Fv2%2Fcategories&post=45648"},{"taxonomy":"post_tag","embeddable":true,"href":"https:\/\/aconteceunovale.com.br\/portal\/index.php?rest_route=%2Fwp%2Fv2%2Ftags&post=45648"}],"curies":[{"name":"wp","href":"https:\/\/api.w.org\/{rel}","templated":true}]}}