{"id":45645,"date":"2014-11-18T11:54:56","date_gmt":"2014-11-18T14:54:56","guid":{"rendered":"http:\/\/aconteceunovale.com.br\/portal\/?p=45645"},"modified":"2014-11-18T11:54:56","modified_gmt":"2014-11-18T14:54:56","slug":"parceria-entre-minas-e-guatemala-visa-expandir-o-cultivo-do-cafe-arabica-de-qualidade","status":"publish","type":"post","link":"https:\/\/aconteceunovale.com.br\/portal\/?p=45645","title":{"rendered":"Parceria entre Minas e Guatemala visa expandir o cultivo do caf\u00e9 ar\u00e1bica de qualidade"},"content":{"rendered":"<h4><strong><em>Programa Estadual de Pesquisa em Cafeicultura avalia o comportamento de algumas variedades do gr\u00e3o em regi\u00f5es do pa\u00eds da Am\u00e9rica Central<\/em><\/strong><\/h4>\n<p>Projeto da Empresa de Pesquisa Agropecu\u00e1ria de Minas Gerais (Epamig), em parceria com a Universidad de San Carlos de Guatemala (Usac) desde 2007, avalia o comportamento de cultivares de caf\u00e9 ar\u00e1bica e materiais gen\u00e9ticos do Programa Estadual de Pesquisa em Cafeicultura em algumas regi\u00f5es do pa\u00eds da Am\u00e9rica Central.<\/p>\n<p><img decoding=\"async\" src=\"http:\/\/aconteceunovale.com.br\/portal\/wp-content\/uploads\/2014\/11\/parceria-entre-minas-e-guatemala-visa-expandir-o-cultivo-do-cafe-arabica-de-qualidade_2.jpg\" alt=\"\" \/><em>Guatemala possui uma vasta produ\u00e7\u00e3o de caf\u00e9 &#8211; Foto: Divulga\u00e7\u00e3o\/Epamig<\/em><br \/>\n<\/br><\/p>\n<p>Dentre os materiais avaliados, sete t\u00eam se mostrado promissores para as condi\u00e7\u00f5es locais. Al\u00e9m da avalia\u00e7\u00e3o da produtividade, s\u00e3o realizadas provas das bebidas para verificar a qualidade. &#8220;S\u00e3o gen\u00f3tipos produtivos e, na sua maioria, resistentes \u00e0 ferrugem, principal doen\u00e7a do caf\u00e9 ar\u00e1bica&#8221;, explica o pesquisador da Epamig Gladyston Rodrigues Carvalho, que em outubro palestrou na Usac sobre os resultados das pesquisas de melhoramento gen\u00e9tico e manejo da lavoura cafeeira do Brasil. O pesquisador tamb\u00e9m visitou campos onde foram instalados experimentos pelo professor Edin Francisco Orozco Miranda da universidade local.<\/p>\n<p>Durante a palestra, Gladyston apresentou as regi\u00f5es produtoras do Brasil e suas particularidades, al\u00e9m do sistema de gest\u00e3o da pesquisa cafeeira e os avan\u00e7os do setor na \u00faltima d\u00e9cada, impulsionados principalmente pelo modelo do Cons\u00f3rcio Pesquisa Caf\u00e9. Destacou ainda as tecnologias dispon\u00edveis, com \u00eanfase para o melhoramento gen\u00e9tico, espa\u00e7amentos e mecaniza\u00e7\u00e3o.<\/p>\n<p>Segundo o pesquisador, a Guatemala possui uma vasta produ\u00e7\u00e3o de caf\u00e9 e poder\u00e1 desenvolver ainda mais sua cafeicultura, garantindo renda e qualidade de vida para os produtores. \u201c\u00c9 uma cafeicultura bem diferente da brasileira, por\u00e9m possui l\u00f3gica e objetivos bem definidos\u201d, garantiu. Gladyston ressaltou ainda que as avalia\u00e7\u00f5es proporcionaram uma intera\u00e7\u00e3o maior entre os dois pa\u00edses e possibilitaram uma excelente troca de experi\u00eancias. \u201cEles t\u00eam altitude, clima e solo favor\u00e1veis para a produ\u00e7\u00e3o de caf\u00e9s de qualidade, enquanto n\u00f3s temos conhecimento tecnol\u00f3gico, sabores distintos e potencial de expans\u00e3o\u201d, explicou.<\/p>\n<h4>O caf\u00e9 na Guatemala<\/h4>\n<p>O cultivo do caf\u00e9 ocupa aproximadamente 2,5% do territ\u00f3rio nacional e est\u00e1 presente em 20 dos 22 estados da Guatemala. A Assossiacion Nacional Del Caf\u00e9 da Guatemala (Anacaf\u00e9) \u00e9 uma das desenvolvedoras da pol\u00edtica nacional do caf\u00e9 no pa\u00eds e internacionalmente. A institui\u00e7\u00e3o representa mais de 90 mil agricultores em toda a Guatemala. \u201cFiquei impressionado com a motiva\u00e7\u00e3o dos produtores, de pequenos a grandes, com a organiza\u00e7\u00e3o e seriedade da Anacaf\u00e9 e com o comprometimento da Usac com o desenvolvimento e valida\u00e7\u00e3o de tecnologias para a cafeicultura do pa\u00eds\u201d, afirmou Gladyston. As informa\u00e7\u00f5es s\u00e3o da <strong>Ag\u00eancia Minas<\/strong>.<\/p>\n","protected":false},"excerpt":{"rendered":"<p>Programa Estadual de Pesquisa em Cafeicultura avalia o comportamento de algumas variedades do gr\u00e3o em regi\u00f5es do pa\u00eds da Am\u00e9rica Central Projeto da Empresa de Pesquisa Agropecu\u00e1ria de Minas Gerais (Epamig), em parceria com a Universidad de San Carlos de Guatemala (Usac) desde 2007, avalia o comportamento de cultivares de caf\u00e9 ar\u00e1bica e materiais gen\u00e9ticos [&hellip;]<\/p>\n","protected":false},"author":1,"featured_media":45646,"comment_status":"open","ping_status":"closed","sticky":false,"template":"","format":"standard","meta":{"amp_status":"","footnotes":""},"categories":[123],"tags":[23362,23361,23365,23360,23359,23358,23363,23364],"class_list":["post-45645","post","type-post","status-publish","format-standard","has-post-thumbnail","hentry","category-gerais","tag-anacafe","tag-assossiacion-nacional-del-cafe-da-guatemala","tag-gladyston-rodrigues-carvalho","tag-guatemala","tag-o-cafe-na-guatemala","tag-parceria-entre-minas-e-guatemala-visa-expandir-o-cultivo-do-cafe-arabica-de-qualidade","tag-universidad-de-san-carlos-de-guatemala","tag-usac"],"_links":{"self":[{"href":"https:\/\/aconteceunovale.com.br\/portal\/index.php?rest_route=\/wp\/v2\/posts\/45645","targetHints":{"allow":["GET"]}}],"collection":[{"href":"https:\/\/aconteceunovale.com.br\/portal\/index.php?rest_route=\/wp\/v2\/posts"}],"about":[{"href":"https:\/\/aconteceunovale.com.br\/portal\/index.php?rest_route=\/wp\/v2\/types\/post"}],"author":[{"embeddable":true,"href":"https:\/\/aconteceunovale.com.br\/portal\/index.php?rest_route=\/wp\/v2\/users\/1"}],"replies":[{"embeddable":true,"href":"https:\/\/aconteceunovale.com.br\/portal\/index.php?rest_route=%2Fwp%2Fv2%2Fcomments&post=45645"}],"version-history":[{"count":0,"href":"https:\/\/aconteceunovale.com.br\/portal\/index.php?rest_route=\/wp\/v2\/posts\/45645\/revisions"}],"wp:featuredmedia":[{"embeddable":true,"href":"https:\/\/aconteceunovale.com.br\/portal\/index.php?rest_route=\/wp\/v2\/media\/45646"}],"wp:attachment":[{"href":"https:\/\/aconteceunovale.com.br\/portal\/index.php?rest_route=%2Fwp%2Fv2%2Fmedia&parent=45645"}],"wp:term":[{"taxonomy":"category","embeddable":true,"href":"https:\/\/aconteceunovale.com.br\/portal\/index.php?rest_route=%2Fwp%2Fv2%2Fcategories&post=45645"},{"taxonomy":"post_tag","embeddable":true,"href":"https:\/\/aconteceunovale.com.br\/portal\/index.php?rest_route=%2Fwp%2Fv2%2Ftags&post=45645"}],"curies":[{"name":"wp","href":"https:\/\/api.w.org\/{rel}","templated":true}]}}