{"id":45637,"date":"2014-11-18T10:27:30","date_gmt":"2014-11-18T13:27:30","guid":{"rendered":"http:\/\/aconteceunovale.com.br\/portal\/?p=45637"},"modified":"2014-11-18T10:27:30","modified_gmt":"2014-11-18T13:27:30","slug":"85-das-farmacias-mineiras-podem-ficar-sem-farmaceutico","status":"publish","type":"post","link":"https:\/\/aconteceunovale.com.br\/portal\/?p=45637","title":{"rendered":"85% das farm\u00e1cias mineiras podem ficar sem farmac\u00eautico"},"content":{"rendered":"<h4><strong><em>Congresso analisa texto que autoriza micro e pequeno estabelecimento a trocar especialista por t\u00e9cnico<\/em><\/strong><\/h4>\n<p>Farm\u00e1cias classificadas como pequenas e microempresas poder\u00e3o funcionar sem a presen\u00e7a de um farmac\u00eautico. No lugar deles, os empreendimentos ter\u00e3o que contratar t\u00e9cnicos de farm\u00e1cia, cargos de n\u00edvel m\u00e9dio. A libera\u00e7\u00e3o \u00e9 prevista na Medida Provis\u00f3ria (MP) n\u00b0 653, de agosto de 2014, que ser\u00e1 analisada hoje no Congresso e pode afetar 85% dos estabelecimentos mineiros, segundo o Sindicato dos Farmac\u00eauticos de Minas Gerais (Sinfarmig).<\/p>\n<p>O tema coloca profissionais e comerciantes em lados opostos. Os primeiros defendem que a MP joga por terra benef\u00edcios conquistados recentemente, com a Lei n\u00b013.021, e que o farmac\u00eautico \u00e9 o \u00fanico com qualifica\u00e7\u00e3o para proteger a sa\u00fade dos clientes. Os comerciantes, por sua vez, alegam que n\u00e3o t\u00eam condi\u00e7\u00f5es financeiras de manter os especialistas em tempo integral.<\/p>\n<p>Diretor da Faculdade de Farm\u00e1cia da Universidade Federal de Minas Gerais (UFMG), Gerson Pianetti \u00e9 contra a valida\u00e7\u00e3o da Medida Provis\u00f3ria. \u201cN\u00e3o se trata de um com\u00e9rcio comum. \u00c9 preciso lembrar que a farm\u00e1cia \u00e9 um local de pr\u00e1tica de sa\u00fade. \u00c9 indispens\u00e1vel a presen\u00e7a de um funcion\u00e1rio que saiba dispensar um medicamento e explicar sobre o uso correto dele. Por isso o farmac\u00eautico faz cinco anos de faculdade\u201d.<\/p>\n<p>O vice-presidente do Conselho Regional de Farm\u00e1cia (CRF-MG), Claudiney Ferreira, alega que a MP \u00e9 um retrocesso legal, uma vez que em agosto foi sancionada a Lei n\u00b0 13.021, que determinava que todo estabelecimento deveria ter um farmac\u00eautico em tempo integral. \u201cTivemos grandes ganhos com essa lei, a farm\u00e1cia foi transformada em estabelecimento de sa\u00fade. O farmac\u00eautico garantiu sua independ\u00eancia, mesmo se n\u00e3o for o dono. A MP faz um retrocesso\u201d, avalia. Para Ferreira, o cuidado com a vida independe do tamanho da farm\u00e1cia.<\/p>\n<p>Segundo o Minist\u00e9rio da Sa\u00fade, em cinco anos, aproximadamente 60 mil pessoas foram internadas por causa de intoxica\u00e7\u00e3o medicamentosa no Brasil. \u201cO n\u00famero aumenta a import\u00e2ncia da profiss\u00e3o do farmac\u00eautico. Medicamentos podem matar ou causar intoxica\u00e7\u00e3o\u201d, adverte Ferreira.<\/p>\n<h4>O outro lado<\/h4>\n<p>O Sindicato do Com\u00e9rcio Varejista de Produtos Farmac\u00eauticos de Minas Gerais (Sincofarma) informou que farm\u00e1cias pequenas n\u00e3o t\u00eam condi\u00e7\u00f5es de contratar farmac\u00eauticos, principalmente depois da Lei n\u00b0 13.021, que muitas vezes as obriga a contratar mais de um profissional, j\u00e1 que a carga hor\u00e1ria de trabalho deles \u00e9 de oito horas.<\/p>\n<p>Al\u00e9m disso, o sindicato alega que h\u00e1 escassez de profissionais no mercado. Nenhum sindicalista quis se pronunciar. As informa\u00e7\u00f5es s\u00e3o do <strong>Portal O Tempo Online<\/strong>.<\/p>\n","protected":false},"excerpt":{"rendered":"<p>Congresso analisa texto que autoriza micro e pequeno estabelecimento a trocar especialista por t\u00e9cnico Farm\u00e1cias classificadas como pequenas e microempresas poder\u00e3o funcionar sem a presen\u00e7a de um farmac\u00eautico. No lugar deles, os empreendimentos ter\u00e3o que contratar t\u00e9cnicos de farm\u00e1cia, cargos de n\u00edvel m\u00e9dio. A libera\u00e7\u00e3o \u00e9 prevista na Medida Provis\u00f3ria (MP) n\u00b0 653, de agosto [&hellip;]<\/p>\n","protected":false},"author":1,"featured_media":45638,"comment_status":"open","ping_status":"closed","sticky":false,"template":"","format":"standard","meta":{"amp_status":"","footnotes":""},"categories":[123],"tags":[23337,23338,23339,23341,23340],"class_list":["post-45637","post","type-post","status-publish","format-standard","has-post-thumbnail","hentry","category-gerais","tag-85-das-farmacias-mineiras-podem-ficar-sem-farmaceutico","tag-farmaceutico","tag-farmacias-classificadas-como-pequenas-e-microempresas-poderao-funcionar-sem-a-presenca-de-um-farmaceutico","tag-sindicato-dos-farmaceuticos-de-minas-gerais","tag-sinfarmig"],"_links":{"self":[{"href":"https:\/\/aconteceunovale.com.br\/portal\/index.php?rest_route=\/wp\/v2\/posts\/45637","targetHints":{"allow":["GET"]}}],"collection":[{"href":"https:\/\/aconteceunovale.com.br\/portal\/index.php?rest_route=\/wp\/v2\/posts"}],"about":[{"href":"https:\/\/aconteceunovale.com.br\/portal\/index.php?rest_route=\/wp\/v2\/types\/post"}],"author":[{"embeddable":true,"href":"https:\/\/aconteceunovale.com.br\/portal\/index.php?rest_route=\/wp\/v2\/users\/1"}],"replies":[{"embeddable":true,"href":"https:\/\/aconteceunovale.com.br\/portal\/index.php?rest_route=%2Fwp%2Fv2%2Fcomments&post=45637"}],"version-history":[{"count":0,"href":"https:\/\/aconteceunovale.com.br\/portal\/index.php?rest_route=\/wp\/v2\/posts\/45637\/revisions"}],"wp:featuredmedia":[{"embeddable":true,"href":"https:\/\/aconteceunovale.com.br\/portal\/index.php?rest_route=\/wp\/v2\/media\/45638"}],"wp:attachment":[{"href":"https:\/\/aconteceunovale.com.br\/portal\/index.php?rest_route=%2Fwp%2Fv2%2Fmedia&parent=45637"}],"wp:term":[{"taxonomy":"category","embeddable":true,"href":"https:\/\/aconteceunovale.com.br\/portal\/index.php?rest_route=%2Fwp%2Fv2%2Fcategories&post=45637"},{"taxonomy":"post_tag","embeddable":true,"href":"https:\/\/aconteceunovale.com.br\/portal\/index.php?rest_route=%2Fwp%2Fv2%2Ftags&post=45637"}],"curies":[{"name":"wp","href":"https:\/\/api.w.org\/{rel}","templated":true}]}}