{"id":45614,"date":"2014-11-18T10:05:30","date_gmt":"2014-11-18T13:05:30","guid":{"rendered":"http:\/\/aconteceunovale.com.br\/portal\/?p=45614"},"modified":"2014-11-18T10:11:58","modified_gmt":"2014-11-18T13:11:58","slug":"detentas-disputam-o-titulo-de-miss-prisional-de-minas-gerais","status":"publish","type":"post","link":"https:\/\/aconteceunovale.com.br\/portal\/?p=45614","title":{"rendered":"Detentas disputam o t\u00edtulo de Miss Prisional de Minas Gerais"},"content":{"rendered":"<h4><strong><em>O evento ser\u00e1 realizado no Complexo Penitenci\u00e1rio Feminino Estev\u00e3o Pinto com a participa\u00e7\u00e3o de 15 presas de todo o Estado<\/em><\/strong><\/h4>\n<p>Nesta ter\u00e7a-feira (18\/11), 15 presas de v\u00e1rias regi\u00f5es do Estado disputam o t\u00edtulo de Miss Prisional 2014. O concurso, que est\u00e1 em sua 2\u00aa edi\u00e7\u00e3o, tem o objetivo de resgatar a autoestima das mulheres privadas de liberdade, humanizar o cumprimento da pena e promover a ressocializa\u00e7\u00e3o. O evento ser\u00e1 realizado no Complexo Penitenci\u00e1rio Feminino Estev\u00e3o Pinto, em Belo Horizonte, \u00e0s 17h30. Nesse ano a competi\u00e7\u00e3o contar\u00e1 com 15 candidatas representando as Regi\u00f5es Integradas de Seguran\u00e7a P\u00fablica (Risp) de Minas Gerais.<\/p>\n<p>Todas as detentas que participam da disputa foram vencedoras de etapas regionais, realizadas em unidades prisionais de todo o Estado. No desfile da pr\u00f3xima ter\u00e7a-feira, nove jurados ir\u00e3o avaliar quesitos como beleza, simpatia, postura, corpo, rosto e desenvoltura. Entre eles, est\u00e1 a Miss Minas Gerais 2013, Jana\u00edna Barcelos. Tamb\u00e9m ser\u00e3o divulgados durante o concurso as vencedoras do Miss Trans e do Miss Gr\u00e1vida do Sistema Prisional, competi\u00e7\u00f5es que acontecem dentro do evento.<\/p>\n<h4>Conhe\u00e7a as candidatas<\/h4>\n<p><em>(Clique na imagem para ampliar) <\/em><\/p>\n<div id='gallery-1' class='gallery galleryid-45614 gallery-columns-2 gallery-size-thumbnail'><figure class='gallery-item'>\n\t\t\t<div class='gallery-icon landscape'>\n\t\t\t\t<a href='https:\/\/aconteceunovale.com.br\/portal\/wp-content\/uploads\/2014\/11\/miss_prisional_10.jpg'><img loading=\"lazy\" decoding=\"async\" width=\"150\" height=\"150\" src=\"https:\/\/aconteceunovale.com.br\/portal\/wp-content\/uploads\/2014\/11\/miss_prisional_10-150x150.jpg\" class=\"attachment-thumbnail size-thumbnail\" alt=\"\" aria-describedby=\"gallery-1-45624\" \/><\/a>\n\t\t\t<\/div>\n\t\t\t\t<figcaption class='wp-caption-text gallery-caption' id='gallery-1-45624'>\n\t\t\t\tMaiara Arag\u00e3o Camargo, 19 anos &#8211; Oliveira\n\t\t\t\t<\/figcaption><\/figure><figure class='gallery-item'>\n\t\t\t<div class='gallery-icon portrait'>\n\t\t\t\t<a href='https:\/\/aconteceunovale.com.br\/portal\/wp-content\/uploads\/2014\/11\/miss_prisional_8.jpg'><img loading=\"lazy\" decoding=\"async\" width=\"150\" height=\"150\" src=\"https:\/\/aconteceunovale.com.br\/portal\/wp-content\/uploads\/2014\/11\/miss_prisional_8-150x150.jpg\" class=\"attachment-thumbnail size-thumbnail\" alt=\"\" aria-describedby=\"gallery-1-45622\" \/><\/a>\n\t\t\t<\/div>\n\t\t\t\t<figcaption class='wp-caption-text gallery-caption' id='gallery-1-45622'>\n\t\t\t\tIngrid Lorraine, 20 anos &#8211; Patroc\u00ednio\n\t\t\t\t<\/figcaption><\/figure><figure class='gallery-item'>\n\t\t\t<div class='gallery-icon portrait'>\n\t\t\t\t<a href='https:\/\/aconteceunovale.com.br\/portal\/wp-content\/uploads\/2014\/11\/miss_prisional_1.jpg'><img loading=\"lazy\" decoding=\"async\" width=\"150\" height=\"150\" src=\"https:\/\/aconteceunovale.com.br\/portal\/wp-content\/uploads\/2014\/11\/miss_prisional_1-150x150.jpg\" class=\"attachment-thumbnail size-thumbnail\" alt=\"\" aria-describedby=\"gallery-1-45615\" \/><\/a>\n\t\t\t<\/div>\n\t\t\t\t<figcaption class='wp-caption-text gallery-caption' id='gallery-1-45615'>\n\t\t\t\tRaquel Vieira Ramos, 27 anos &#8211; Itaobim\n\t\t\t\t<\/figcaption><\/figure><figure class='gallery-item'>\n\t\t\t<div class='gallery-icon portrait'>\n\t\t\t\t<a href='https:\/\/aconteceunovale.com.br\/portal\/wp-content\/uploads\/2014\/11\/miss_prisional_13.jpeg'><img loading=\"lazy\" decoding=\"async\" width=\"150\" height=\"150\" src=\"https:\/\/aconteceunovale.com.br\/portal\/wp-content\/uploads\/2014\/11\/miss_prisional_13-150x150.jpeg\" class=\"attachment-thumbnail size-thumbnail\" alt=\"\" aria-describedby=\"gallery-1-45627\" \/><\/a>\n\t\t\t<\/div>\n\t\t\t\t<figcaption class='wp-caption-text gallery-caption' id='gallery-1-45627'>\n\t\t\t\tRoberta Carvalho, 20 anos &#8211; Pouso Alegre\n\t\t\t\t<\/figcaption><\/figure><figure class='gallery-item'>\n\t\t\t<div class='gallery-icon portrait'>\n\t\t\t\t<a href='https:\/\/aconteceunovale.com.br\/portal\/wp-content\/uploads\/2014\/11\/miss_prisional_14.jpg'><img loading=\"lazy\" decoding=\"async\" width=\"150\" height=\"150\" src=\"https:\/\/aconteceunovale.com.br\/portal\/wp-content\/uploads\/2014\/11\/miss_prisional_14-150x150.jpg\" class=\"attachment-thumbnail size-thumbnail\" alt=\"\" aria-describedby=\"gallery-1-45628\" \/><\/a>\n\t\t\t<\/div>\n\t\t\t\t<figcaption class='wp-caption-text gallery-caption' id='gallery-1-45628'>\n\t\t\t\tTayane Cristini Gon\u00e7alves, 20 anos &#8211; Ribeir\u00e3o das Neves\n\t\t\t\t<\/figcaption><\/figure><figure class='gallery-item'>\n\t\t\t<div class='gallery-icon portrait'>\n\t\t\t\t<a href='https:\/\/aconteceunovale.com.br\/portal\/wp-content\/uploads\/2014\/11\/miss_prisional_12.jpeg'><img loading=\"lazy\" decoding=\"async\" width=\"150\" height=\"150\" src=\"https:\/\/aconteceunovale.com.br\/portal\/wp-content\/uploads\/2014\/11\/miss_prisional_12-150x150.jpeg\" class=\"attachment-thumbnail size-thumbnail\" alt=\"\" aria-describedby=\"gallery-1-45626\" \/><\/a>\n\t\t\t<\/div>\n\t\t\t\t<figcaption class='wp-caption-text gallery-caption' id='gallery-1-45626'>\n\t\t\t\tP\u00e2mela Leopoldina, 18 anos &#8211; Ub\u00e1\n\t\t\t\t<\/figcaption><\/figure><figure class='gallery-item'>\n\t\t\t<div class='gallery-icon landscape'>\n\t\t\t\t<a href='https:\/\/aconteceunovale.com.br\/portal\/wp-content\/uploads\/2014\/11\/miss_prisional_11.jpg'><img loading=\"lazy\" decoding=\"async\" width=\"150\" height=\"150\" src=\"https:\/\/aconteceunovale.com.br\/portal\/wp-content\/uploads\/2014\/11\/miss_prisional_11-150x150.jpg\" class=\"attachment-thumbnail size-thumbnail\" alt=\"\" aria-describedby=\"gallery-1-45625\" \/><\/a>\n\t\t\t<\/div>\n\t\t\t\t<figcaption class='wp-caption-text gallery-caption' id='gallery-1-45625'>\n\t\t\t\tMayene Louren\u00e7o, 19 anos &#8211; Alfenas\n\t\t\t\t<\/figcaption><\/figure><figure class='gallery-item'>\n\t\t\t<div class='gallery-icon portrait'>\n\t\t\t\t<a href='https:\/\/aconteceunovale.com.br\/portal\/wp-content\/uploads\/2014\/11\/miss_prisional_9.jpg'><img loading=\"lazy\" decoding=\"async\" width=\"150\" height=\"150\" src=\"https:\/\/aconteceunovale.com.br\/portal\/wp-content\/uploads\/2014\/11\/miss_prisional_9-150x150.jpg\" class=\"attachment-thumbnail size-thumbnail\" alt=\"\" aria-describedby=\"gallery-1-45623\" \/><\/a>\n\t\t\t<\/div>\n\t\t\t\t<figcaption class='wp-caption-text gallery-caption' id='gallery-1-45623'>\n\t\t\t\tL\u00edvia Lima Gon\u00e7alves, 22 anos &#8211; Ipatinga\n\t\t\t\t<\/figcaption><\/figure><figure class='gallery-item'>\n\t\t\t<div class='gallery-icon portrait'>\n\t\t\t\t<a href='https:\/\/aconteceunovale.com.br\/portal\/wp-content\/uploads\/2014\/11\/miss_prisional_7.jpg'><img loading=\"lazy\" decoding=\"async\" width=\"150\" height=\"150\" src=\"https:\/\/aconteceunovale.com.br\/portal\/wp-content\/uploads\/2014\/11\/miss_prisional_7-150x150.jpg\" class=\"attachment-thumbnail size-thumbnail\" alt=\"\" aria-describedby=\"gallery-1-45621\" \/><\/a>\n\t\t\t<\/div>\n\t\t\t\t<figcaption class='wp-caption-text gallery-caption' id='gallery-1-45621'>\n\t\t\t\tHelo\u00edza Pereira Moura, 19 anos &#8211; Governador Valadares\n\t\t\t\t<\/figcaption><\/figure><figure class='gallery-item'>\n\t\t\t<div class='gallery-icon portrait'>\n\t\t\t\t<a href='https:\/\/aconteceunovale.com.br\/portal\/wp-content\/uploads\/2014\/11\/miss_prisional_6.jpg'><img loading=\"lazy\" decoding=\"async\" width=\"150\" height=\"150\" src=\"https:\/\/aconteceunovale.com.br\/portal\/wp-content\/uploads\/2014\/11\/miss_prisional_6-150x150.jpg\" class=\"attachment-thumbnail size-thumbnail\" alt=\"\" aria-describedby=\"gallery-1-45620\" \/><\/a>\n\t\t\t<\/div>\n\t\t\t\t<figcaption class='wp-caption-text gallery-caption' id='gallery-1-45620'>\n\t\t\t\tFab\u00edola Guimar\u00e3es, 24 anos &#8211; Una\u00ed\n\t\t\t\t<\/figcaption><\/figure><figure class='gallery-item'>\n\t\t\t<div class='gallery-icon portrait'>\n\t\t\t\t<a href='https:\/\/aconteceunovale.com.br\/portal\/wp-content\/uploads\/2014\/11\/miss_prisional_5.jpg'><img loading=\"lazy\" decoding=\"async\" width=\"150\" height=\"150\" src=\"https:\/\/aconteceunovale.com.br\/portal\/wp-content\/uploads\/2014\/11\/miss_prisional_5-150x150.jpg\" class=\"attachment-thumbnail size-thumbnail\" alt=\"\" aria-describedby=\"gallery-1-45619\" \/><\/a>\n\t\t\t<\/div>\n\t\t\t\t<figcaption class='wp-caption-text gallery-caption' id='gallery-1-45619'>\n\t\t\t\tDaniela Moreira de Queiroz, 26 anos &#8211; Vespasiano\n\t\t\t\t<\/figcaption><\/figure><figure class='gallery-item'>\n\t\t\t<div class='gallery-icon landscape'>\n\t\t\t\t<a href='https:\/\/aconteceunovale.com.br\/portal\/wp-content\/uploads\/2014\/11\/miss_prisional_4.jpg'><img loading=\"lazy\" decoding=\"async\" width=\"150\" height=\"150\" src=\"https:\/\/aconteceunovale.com.br\/portal\/wp-content\/uploads\/2014\/11\/miss_prisional_4-150x150.jpg\" class=\"attachment-thumbnail size-thumbnail\" alt=\"\" aria-describedby=\"gallery-1-45618\" \/><\/a>\n\t\t\t<\/div>\n\t\t\t\t<figcaption class='wp-caption-text gallery-caption' id='gallery-1-45618'>\n\t\t\t\tCl\u00e1udia Casavara Portela, 26 anos &#8211; Belo Horizonte\n\t\t\t\t<\/figcaption><\/figure><figure class='gallery-item'>\n\t\t\t<div class='gallery-icon landscape'>\n\t\t\t\t<a href='https:\/\/aconteceunovale.com.br\/portal\/wp-content\/uploads\/2014\/11\/miss_prisional_3.jpg'><img loading=\"lazy\" decoding=\"async\" width=\"150\" height=\"150\" src=\"https:\/\/aconteceunovale.com.br\/portal\/wp-content\/uploads\/2014\/11\/miss_prisional_3-150x150.jpg\" class=\"attachment-thumbnail size-thumbnail\" alt=\"\" aria-describedby=\"gallery-1-45617\" \/><\/a>\n\t\t\t<\/div>\n\t\t\t\t<figcaption class='wp-caption-text gallery-caption' id='gallery-1-45617'>\n\t\t\t\tCl\u00e1udia Patr\u00edcia Silvestre, 30 anos &#8211; Par\u00e1 de Minas\n\t\t\t\t<\/figcaption><\/figure><figure class='gallery-item'>\n\t\t\t<div class='gallery-icon portrait'>\n\t\t\t\t<a href='https:\/\/aconteceunovale.com.br\/portal\/wp-content\/uploads\/2014\/11\/miss_prisional_2.jpg'><img loading=\"lazy\" decoding=\"async\" width=\"150\" height=\"150\" src=\"https:\/\/aconteceunovale.com.br\/portal\/wp-content\/uploads\/2014\/11\/miss_prisional_2-150x150.jpg\" class=\"attachment-thumbnail size-thumbnail\" alt=\"\" aria-describedby=\"gallery-1-45616\" \/><\/a>\n\t\t\t<\/div>\n\t\t\t\t<figcaption class='wp-caption-text gallery-caption' id='gallery-1-45616'>\n\t\t\t\tAna L\u00facia Cardoso, 26 anos &#8211; Pirapora\n\t\t\t\t<\/figcaption><\/figure>\n\t\t<\/div>\n\n","protected":false},"excerpt":{"rendered":"<p>O evento ser\u00e1 realizado no Complexo Penitenci\u00e1rio Feminino Estev\u00e3o Pinto com a participa\u00e7\u00e3o de 15 presas de todo o Estado Nesta ter\u00e7a-feira (18\/11), 15 presas de v\u00e1rias regi\u00f5es do Estado disputam o t\u00edtulo de Miss Prisional 2014. O concurso, que est\u00e1 em sua 2\u00aa edi\u00e7\u00e3o, tem o objetivo de resgatar a autoestima das mulheres privadas [&hellip;]<\/p>\n","protected":false},"author":1,"featured_media":45629,"comment_status":"open","ping_status":"closed","sticky":false,"template":"","format":"standard","meta":{"amp_status":"","footnotes":""},"categories":[123],"tags":[23305,23322,194,23329,23307,23304,23326,23324,391,23311,23306,19056,23310,23323,23330,23325,23331,23320,23308,23319,23309,23318,23321,23327,23328],"class_list":["post-45614","post","type-post","status-publish","format-standard","has-post-thumbnail","hentry","category-gerais","tag-15-presas-de-varias-regioes-do-estado-disputam-o-titulo-de-miss-prisional-2014","tag-alfenas-maiara-aragao-camargo","tag-belo-horizonte","tag-belo-horizonte-claudia-patricia-silvestre","tag-complexo-penitenciario-feminino-estevao-pinto","tag-detentas-disputam-o-titulo-de-miss-prisional-de-minas-gerais","tag-governador-valadares-fabiola-guimaraes","tag-ipatinga-ingrid-lorraine","tag-itaobim","tag-miss-gravida-do-sistema-prisional","tag-miss-prisional","tag-miss-prisional-2014","tag-miss-trans","tag-oliveira-livia-lima-goncalves","tag-para-de-minas-ana-lucia-cardoso","tag-patrocinio-heloiza-pereira-moura","tag-pirapora-raquel-vieira-ramos","tag-pouso-alegre-pamela-leopoldina","tag-regioes-integradas-de-seguranca-publica","tag-ribeirao-das-neves-roberta-carvalho","tag-risp","tag-tayane-cristini-goncalves","tag-uba-mayene-lourenco","tag-unai-daniela-moreira-de-queiroz","tag-vespasiano-claudia-casavara-portela"],"_links":{"self":[{"href":"https:\/\/aconteceunovale.com.br\/portal\/index.php?rest_route=\/wp\/v2\/posts\/45614","targetHints":{"allow":["GET"]}}],"collection":[{"href":"https:\/\/aconteceunovale.com.br\/portal\/index.php?rest_route=\/wp\/v2\/posts"}],"about":[{"href":"https:\/\/aconteceunovale.com.br\/portal\/index.php?rest_route=\/wp\/v2\/types\/post"}],"author":[{"embeddable":true,"href":"https:\/\/aconteceunovale.com.br\/portal\/index.php?rest_route=\/wp\/v2\/users\/1"}],"replies":[{"embeddable":true,"href":"https:\/\/aconteceunovale.com.br\/portal\/index.php?rest_route=%2Fwp%2Fv2%2Fcomments&post=45614"}],"version-history":[{"count":0,"href":"https:\/\/aconteceunovale.com.br\/portal\/index.php?rest_route=\/wp\/v2\/posts\/45614\/revisions"}],"wp:featuredmedia":[{"embeddable":true,"href":"https:\/\/aconteceunovale.com.br\/portal\/index.php?rest_route=\/wp\/v2\/media\/45629"}],"wp:attachment":[{"href":"https:\/\/aconteceunovale.com.br\/portal\/index.php?rest_route=%2Fwp%2Fv2%2Fmedia&parent=45614"}],"wp:term":[{"taxonomy":"category","embeddable":true,"href":"https:\/\/aconteceunovale.com.br\/portal\/index.php?rest_route=%2Fwp%2Fv2%2Fcategories&post=45614"},{"taxonomy":"post_tag","embeddable":true,"href":"https:\/\/aconteceunovale.com.br\/portal\/index.php?rest_route=%2Fwp%2Fv2%2Ftags&post=45614"}],"curies":[{"name":"wp","href":"https:\/\/api.w.org\/{rel}","templated":true}]}}